{"id":39347,"date":"2023-10-18T15:54:52","date_gmt":"2023-10-18T20:54:52","guid":{"rendered":"https:\/\/contraluzcucuta.co\/?p=39347"},"modified":"2023-10-18T15:54:52","modified_gmt":"2023-10-18T20:54:52","slug":"banquete-del-millon-juan-frio-tendra-templo","status":"publish","type":"post","link":"https:\/\/contraluzcucuta.co\/?p=39347","title":{"rendered":"BANQUETE DEL MILL\u00d3N. Juan Fr\u00edo tendr\u00e1 templo"},"content":{"rendered":"<p><strong>C\u00daCUTA.-<\/strong> La Di\u00f3cesis de C\u00facuta respalda la organizaci\u00f3n del Banquete del Mill\u00f3n, que tendr\u00e1 lugar el 26 de octubre, con el fin de recaudar fondos para avanzar en la edificaci\u00f3n del templo parroquial de Juan Fr\u00edo (Villa del Rosario) y as\u00ed tener un lugar digno para las celebraciones de los sacramentos.<\/p>\n<p><a href=\"https:\/\/contraluzcucuta.co\/wp-content\/uploads\/2023\/10\/TEMPLO-JUAN-FRIO-4.jpeg\"><img loading=\"lazy\" decoding=\"async\" class=\"alignnone size-medium wp-image-39349 alignleft\" src=\"https:\/\/contraluzcucuta.co\/wp-content\/uploads\/2023\/10\/TEMPLO-JUAN-FRIO-4-300x229.jpeg\" alt=\"\" width=\"300\" height=\"229\" srcset=\"https:\/\/contraluzcucuta.co\/wp-content\/uploads\/2023\/10\/TEMPLO-JUAN-FRIO-4-300x229.jpeg 300w, https:\/\/contraluzcucuta.co\/wp-content\/uploads\/2023\/10\/TEMPLO-JUAN-FRIO-4.jpeg 305w\" sizes=\"auto, (max-width: 300px) 100vw, 300px\" \/><\/a><\/p>\n<p>Monse\u00f1or Jos\u00e9 Libardo Garc\u00e9s, obispo de C\u00facuta, erigi\u00f3, el 1 de noviembre del 2022, la parroquia Nuestra Se\u00f1ora de F\u00e1tima en el corregimiento rosariense para continuar haciendo presencia en esa zona de Norte de Santander con el mensaje del Evangelio de Jesucristo.<\/p>\n<p>Adem\u00e1s, as\u00ed se contribuir\u00e1 a la reconstrucci\u00f3n del tejido social desde el mensaje de esperanza y paz que la Iglesia Cat\u00f3lica ha sembrado en esta regi\u00f3n.<\/p>\n<p>En Banquete se llevar\u00e1 a cabo en el Hotel M\u00edo, a las 7:00 de la noche. Los interesados en apoyar la obra podr\u00e1n obtener los bonos en las parroquias Sagrado Coraz\u00f3n de Jes\u00fas, Nuestra Se\u00f1ora del Carmen (Carmelitas) y San Jos\u00e9 Catedral.<\/p>\n","protected":false},"excerpt":{"rendered":"<p>C\u00daCUTA.- La Di\u00f3cesis de C\u00facuta respalda la organizaci\u00f3n del Banquete del Mill\u00f3n, que tendr\u00e1 lugar el 26 de octubre, con el fin de recaudar fondos para avanzar en la edificaci\u00f3n del templo parroquial de Juan Fr\u00edo (Villa del Rosario) y as\u00ed tener un lugar digno para las celebraciones de los sacramentos. Monse\u00f1or Jos\u00e9 Libardo Garc\u00e9s, &hellip;<\/p>\n","protected":false},"author":1,"featured_media":39348,"comment_status":"open","ping_status":"open","sticky":false,"template":"","format":"standard","meta":{"footnotes":""},"categories":[4,36],"tags":[3908,8,5153,173],"class_list":["post-39347","post","type-post","status-publish","format-standard","has-post-thumbnail","hentry","category-barra","category-la-voz-del-pueblo","tag-corregimiento-juan-frio","tag-diocesis-de-cucuta","tag-monsenor-jose-libardo-garces","tag-obispo-de-cucuta"],"_links":{"self":[{"href":"https:\/\/contraluzcucuta.co\/index.php?rest_route=\/wp\/v2\/posts\/39347","targetHints":{"allow":["GET"]}}],"collection":[{"href":"https:\/\/contraluzcucuta.co\/index.php?rest_route=\/wp\/v2\/posts"}],"about":[{"href":"https:\/\/contraluzcucuta.co\/index.php?rest_route=\/wp\/v2\/types\/post"}],"author":[{"embeddable":true,"href":"https:\/\/contraluzcucuta.co\/index.php?rest_route=\/wp\/v2\/users\/1"}],"replies":[{"embeddable":true,"href":"https:\/\/contraluzcucuta.co\/index.php?rest_route=%2Fwp%2Fv2%2Fcomments&post=39347"}],"version-history":[{"count":1,"href":"https:\/\/contraluzcucuta.co\/index.php?rest_route=\/wp\/v2\/posts\/39347\/revisions"}],"predecessor-version":[{"id":39350,"href":"https:\/\/contraluzcucuta.co\/index.php?rest_route=\/wp\/v2\/posts\/39347\/revisions\/39350"}],"wp:featuredmedia":[{"embeddable":true,"href":"https:\/\/contraluzcucuta.co\/index.php?rest_route=\/wp\/v2\/media\/39348"}],"wp:attachment":[{"href":"https:\/\/contraluzcucuta.co\/index.php?rest_route=%2Fwp%2Fv2%2Fmedia&parent=39347"}],"wp:term":[{"taxonomy":"category","embeddable":true,"href":"https:\/\/contraluzcucuta.co\/index.php?rest_route=%2Fwp%2Fv2%2Fcategories&post=39347"},{"taxonomy":"post_tag","embeddable":true,"href":"https:\/\/contraluzcucuta.co\/index.php?rest_route=%2Fwp%2Fv2%2Ftags&post=39347"}],"curies":[{"name":"wp","href":"https:\/\/api.w.org\/{rel}","templated":true}]}}