{"id":39332,"date":"2023-10-17T16:20:04","date_gmt":"2023-10-17T21:20:04","guid":{"rendered":"https:\/\/contraluzcucuta.co\/?p=39332"},"modified":"2023-10-17T16:20:04","modified_gmt":"2023-10-17T21:20:04","slug":"avenida-del-rio-plantados-mil-arbolitos-de-especies-nativas","status":"publish","type":"post","link":"https:\/\/contraluzcucuta.co\/?p=39332","title":{"rendered":"AVENIDA DEL R\u00cdO. Plantados mil arbolitos de especies nativas"},"content":{"rendered":"<p style=\"padding-left: 40px; text-align: right;\"><strong><span style=\"color: #ff9900;\">C\u00daCUTA.- M\u00e1s de 100 cucute\u00f1os ambientalistas se unieron, durante el fin de semana, para plantar 1000 arbolitos de las especies nativas cuj\u00ed, gallinero, gu\u00e1cimo y flor morado. El objetivo es restituir la flora en la Avenida del R\u00edo.<\/span><\/strong><\/p>\n<p>La actividad es una contribuci\u00f3n a la lucha contra el cambio clim\u00e1tico, la conservaci\u00f3n de la biodiversidad, el mejoramiento de la oferta h\u00eddrica y el cumplimiento a la Ley 2173 de 2021, en cu\u00e1nto a la creaci\u00f3n de Zonas de Vida Municipales.<\/p>\n<p>Aguas Kpital continuar\u00e1 uniendo esfuerzos e impulsar\u00e1 programas bajo la Responsabilidad Social Empresarial para el rescate del amor y la defensa del planeta tierra.<\/p>\n<p>Los voluntarios pertenecen a Fundaci\u00f3n VYC, EIS, Alcald\u00eda, Veolia, Ej\u00e9rcito y Corpocero.<\/p>\n","protected":false},"excerpt":{"rendered":"<p>C\u00daCUTA.- M\u00e1s de 100 cucute\u00f1os ambientalistas se unieron, durante el fin de semana, para plantar 1000 arbolitos de las especies nativas cuj\u00ed, gallinero, gu\u00e1cimo y flor morado. El objetivo es restituir la flora en la Avenida del R\u00edo. La actividad es una contribuci\u00f3n a la lucha contra el cambio clim\u00e1tico, la conservaci\u00f3n de la biodiversidad, &hellip;<\/p>\n","protected":false},"author":1,"featured_media":39333,"comment_status":"open","ping_status":"open","sticky":false,"template":"","format":"standard","meta":{"footnotes":""},"categories":[4,347],"tags":[1270,1716,560],"class_list":["post-39332","post","type-post","status-publish","format-standard","has-post-thumbnail","hentry","category-barra","category-medio-ambiente","tag-aguas-kpital-cucuta","tag-avenida-del-rio","tag-medio-ambiente-2"],"_links":{"self":[{"href":"https:\/\/contraluzcucuta.co\/index.php?rest_route=\/wp\/v2\/posts\/39332","targetHints":{"allow":["GET"]}}],"collection":[{"href":"https:\/\/contraluzcucuta.co\/index.php?rest_route=\/wp\/v2\/posts"}],"about":[{"href":"https:\/\/contraluzcucuta.co\/index.php?rest_route=\/wp\/v2\/types\/post"}],"author":[{"embeddable":true,"href":"https:\/\/contraluzcucuta.co\/index.php?rest_route=\/wp\/v2\/users\/1"}],"replies":[{"embeddable":true,"href":"https:\/\/contraluzcucuta.co\/index.php?rest_route=%2Fwp%2Fv2%2Fcomments&post=39332"}],"version-history":[{"count":1,"href":"https:\/\/contraluzcucuta.co\/index.php?rest_route=\/wp\/v2\/posts\/39332\/revisions"}],"predecessor-version":[{"id":39334,"href":"https:\/\/contraluzcucuta.co\/index.php?rest_route=\/wp\/v2\/posts\/39332\/revisions\/39334"}],"wp:featuredmedia":[{"embeddable":true,"href":"https:\/\/contraluzcucuta.co\/index.php?rest_route=\/wp\/v2\/media\/39333"}],"wp:attachment":[{"href":"https:\/\/contraluzcucuta.co\/index.php?rest_route=%2Fwp%2Fv2%2Fmedia&parent=39332"}],"wp:term":[{"taxonomy":"category","embeddable":true,"href":"https:\/\/contraluzcucuta.co\/index.php?rest_route=%2Fwp%2Fv2%2Fcategories&post=39332"},{"taxonomy":"post_tag","embeddable":true,"href":"https:\/\/contraluzcucuta.co\/index.php?rest_route=%2Fwp%2Fv2%2Ftags&post=39332"}],"curies":[{"name":"wp","href":"https:\/\/api.w.org\/{rel}","templated":true}]}}