{"id":39328,"date":"2023-10-17T05:07:15","date_gmt":"2023-10-17T10:07:15","guid":{"rendered":"https:\/\/contraluzcucuta.co\/?p=39328"},"modified":"2023-10-17T05:07:15","modified_gmt":"2023-10-17T10:07:15","slug":"noche-de-luz-tercer-encuentro-nacional-de-musicos-invidentes","status":"publish","type":"post","link":"https:\/\/contraluzcucuta.co\/?p=39328","title":{"rendered":"NOCHE DE LUZ. Tercer Encuentro Nacional de M\u00fasicos Invidentes"},"content":{"rendered":"<p style=\"padding-left: 40px; text-align: right;\"><strong><span style=\"color: #ff9900;\">C\u00daCUTA.- La propuesta para la tercera versi\u00f3n del festival son tres conciertos que transportar\u00e1n al espectador a un mundo de sonidos y emociones. El 26 de octubre, habr\u00e1 dos conciertos en simult\u00e1neo, en Unicentro y Ventura Plaza, para disfrutar la m\u00fasica de artistas invidentes, artistas que han superado obst\u00e1culos para seguir su pasi\u00f3n musical. Es la oportunidad para experimentar una sinfon\u00eda de talento y diversidad musical.<\/span><\/strong><\/p>\n<p>El 27 de octubre, el concierto de cierre, promete ser una velada inolvidable. Los artistas se unir\u00e1n en escena para mostrar lo mejor de lo mejor. Ser\u00e1 la gran noche, el punto culminante del evento que celebra la m\u00fasica que trasciende las barreras visuales.<\/p>\n<p><a href=\"https:\/\/contraluzcucuta.co\/wp-content\/uploads\/2023\/10\/MUDARTE-3.jpg\"><img loading=\"lazy\" decoding=\"async\" class=\"alignnone size-medium wp-image-39330 alignleft\" src=\"https:\/\/contraluzcucuta.co\/wp-content\/uploads\/2023\/10\/MUDARTE-3-300x300.jpg\" alt=\"\" width=\"300\" height=\"300\" srcset=\"https:\/\/contraluzcucuta.co\/wp-content\/uploads\/2023\/10\/MUDARTE-3-300x300.jpg 300w, https:\/\/contraluzcucuta.co\/wp-content\/uploads\/2023\/10\/MUDARTE-3-100x100.jpg 100w, https:\/\/contraluzcucuta.co\/wp-content\/uploads\/2023\/10\/MUDARTE-3-600x600.jpg 600w, https:\/\/contraluzcucuta.co\/wp-content\/uploads\/2023\/10\/MUDARTE-3-1024x1024.jpg 1024w, https:\/\/contraluzcucuta.co\/wp-content\/uploads\/2023\/10\/MUDARTE-3-150x150.jpg 150w, https:\/\/contraluzcucuta.co\/wp-content\/uploads\/2023\/10\/MUDARTE-3-768x768.jpg 768w, https:\/\/contraluzcucuta.co\/wp-content\/uploads\/2023\/10\/MUDARTE-3.jpg 1080w\" sizes=\"auto, (max-width: 300px) 100vw, 300px\" \/><\/a><\/p>\n<p>Noche De Luz, Tercer Encuentro Nacional de M\u00fasicos Invidentes, no solo se trata de m\u00fasica, sino de inclusi\u00f3n y celebraci\u00f3n de la diversidad. La presencia y apoyo son esenciales para hacer que esta fiesta de la m\u00fasica inclusiva sea un \u00e9xito.<\/p>\n<p>\u201cJuntos, podemos iluminar la noche con melod\u00edas y hacer que la inclusi\u00f3n sea una realidad palpable\u201d, se\u00f1alaron los organizadores.<\/p>\n<p>Noche De Luz<\/p>\n<p>Fecha: 26 y 27 de octubre<\/p>\n<p>Hora: 5:00 de la tarde<\/p>\n<p>Lugar: Centros comerciales Unicentro y Ventura Plaza<\/p>\n","protected":false},"excerpt":{"rendered":"<p>C\u00daCUTA.- La propuesta para la tercera versi\u00f3n del festival son tres conciertos que transportar\u00e1n al espectador a un mundo de sonidos y emociones. El 26 de octubre, habr\u00e1 dos conciertos en simult\u00e1neo, en Unicentro y Ventura Plaza, para disfrutar la m\u00fasica de artistas invidentes, artistas que han superado obst\u00e1culos para seguir su pasi\u00f3n musical. Es &hellip;<\/p>\n","protected":false},"author":1,"featured_media":39329,"comment_status":"open","ping_status":"open","sticky":false,"template":"","format":"standard","meta":{"footnotes":""},"categories":[4,37],"tags":[4272,5765],"class_list":["post-39328","post","type-post","status-publish","format-standard","has-post-thumbnail","hentry","category-barra","category-paseo-cultural","tag-corpomudarte","tag-noche-de-luz"],"_links":{"self":[{"href":"https:\/\/contraluzcucuta.co\/index.php?rest_route=\/wp\/v2\/posts\/39328","targetHints":{"allow":["GET"]}}],"collection":[{"href":"https:\/\/contraluzcucuta.co\/index.php?rest_route=\/wp\/v2\/posts"}],"about":[{"href":"https:\/\/contraluzcucuta.co\/index.php?rest_route=\/wp\/v2\/types\/post"}],"author":[{"embeddable":true,"href":"https:\/\/contraluzcucuta.co\/index.php?rest_route=\/wp\/v2\/users\/1"}],"replies":[{"embeddable":true,"href":"https:\/\/contraluzcucuta.co\/index.php?rest_route=%2Fwp%2Fv2%2Fcomments&post=39328"}],"version-history":[{"count":1,"href":"https:\/\/contraluzcucuta.co\/index.php?rest_route=\/wp\/v2\/posts\/39328\/revisions"}],"predecessor-version":[{"id":39331,"href":"https:\/\/contraluzcucuta.co\/index.php?rest_route=\/wp\/v2\/posts\/39328\/revisions\/39331"}],"wp:featuredmedia":[{"embeddable":true,"href":"https:\/\/contraluzcucuta.co\/index.php?rest_route=\/wp\/v2\/media\/39329"}],"wp:attachment":[{"href":"https:\/\/contraluzcucuta.co\/index.php?rest_route=%2Fwp%2Fv2%2Fmedia&parent=39328"}],"wp:term":[{"taxonomy":"category","embeddable":true,"href":"https:\/\/contraluzcucuta.co\/index.php?rest_route=%2Fwp%2Fv2%2Fcategories&post=39328"},{"taxonomy":"post_tag","embeddable":true,"href":"https:\/\/contraluzcucuta.co\/index.php?rest_route=%2Fwp%2Fv2%2Ftags&post=39328"}],"curies":[{"name":"wp","href":"https:\/\/api.w.org\/{rel}","templated":true}]}}