{"id":39324,"date":"2023-10-17T05:00:49","date_gmt":"2023-10-17T10:00:49","guid":{"rendered":"https:\/\/contraluzcucuta.co\/?p=39324"},"modified":"2023-10-17T05:00:49","modified_gmt":"2023-10-17T10:00:49","slug":"contraloria-complejo-carcelario-de-cucuta-afronta-problemas-de-alimentacion-y-agua-potable","status":"publish","type":"post","link":"https:\/\/contraluzcucuta.co\/?p=39324","title":{"rendered":"CONTRALOR\u00cdA. Complejo Carcelario de C\u00facuta afronta problemas de alimentaci\u00f3n y agua potable"},"content":{"rendered":"<p style=\"padding-left: 40px; text-align: right;\"><strong><span style=\"color: #ff9900;\">BOGOT\u00c1.- El Complejo Carcelario de C\u00facuta aparece entre los 20 establecimientos penitenciarios del pa\u00eds priorizados por la Corte Constitucional, y en los que la CGR analiz\u00f3 los componentes de Infraestructura, salud, alimentaci\u00f3n y resocializaci\u00f3n, en cumplimiento del seguimiento a la Sentencia T762 del 2015.<\/span><\/strong><\/p>\n<p>Entre las conclusiones generales est\u00e1n que en los establecimiento no se garantizan las condiciones m\u00ednimas para reclusi\u00f3n de Poblaci\u00f3n Privada de la Libertad (PPL) y la correcta prestaci\u00f3n de servicios penitenciarios por parte de Inpec.<\/p>\n<p>\u201cSe evidencia que la problem\u00e1tica de hacinamiento persiste de manera generalizada, pese a los recursos invertidos para la ampliaci\u00f3n, generaci\u00f3n de cupos, mantenimiento y rehabilitaci\u00f3n de la infraestructura en operaci\u00f3n\u201d, se\u00f1ala el informe de la CGR.<\/p>\n<figure id=\"attachment_39326\" aria-describedby=\"caption-attachment-39326\" style=\"width: 300px\" class=\"wp-caption alignleft\"><a href=\"https:\/\/contraluzcucuta.co\/wp-content\/uploads\/2023\/10\/COMPLEJO-CUCUTA-4.jpg\"><img loading=\"lazy\" decoding=\"async\" class=\"size-medium wp-image-39326\" src=\"https:\/\/contraluzcucuta.co\/wp-content\/uploads\/2023\/10\/COMPLEJO-CUCUTA-4-300x188.jpg\" alt=\"\" width=\"300\" height=\"188\" srcset=\"https:\/\/contraluzcucuta.co\/wp-content\/uploads\/2023\/10\/COMPLEJO-CUCUTA-4-300x188.jpg 300w, https:\/\/contraluzcucuta.co\/wp-content\/uploads\/2023\/10\/COMPLEJO-CUCUTA-4-600x375.jpg 600w, https:\/\/contraluzcucuta.co\/wp-content\/uploads\/2023\/10\/COMPLEJO-CUCUTA-4.jpg 640w\" sizes=\"auto, (max-width: 300px) 100vw, 300px\" \/><\/a><figcaption id=\"caption-attachment-39326\" class=\"wp-caption-text\"><em>Foto: ARCHIVO<\/em><\/figcaption><\/figure>\n<p>En COCUT C\u00facuta, en relaci\u00f3n con el suministro de agua potable y evacuaci\u00f3n adecuada de aguas residuales, se evidenciaron plantas de tratamiento fuera de operaci\u00f3n.<\/p>\n<p>Los servicios de alimentaci\u00f3n los prestan operadores que afrontan problemas financieros y log\u00edsticos para garantizar las condiciones de servicio pactadas. Se observan graves problemas de abastecimiento de materia prima en el Complejo Carcelario de C\u00facuta, con lo que se encuentra en riesgo la seguridad alimentaria.<\/p>\n<p>Se evidenci\u00f3 que los operadores est\u00e1n retrasados en los pagos de bonificaciones a la PPL, servicios p\u00fablicos, proyectos productivos y proveedores. Esta situaci\u00f3n pone en riesgo la continuidad de la operaci\u00f3n y el servicio de alimentaci\u00f3n en general.<\/p>\n","protected":false},"excerpt":{"rendered":"<p>BOGOT\u00c1.- El Complejo Carcelario de C\u00facuta aparece entre los 20 establecimientos penitenciarios del pa\u00eds priorizados por la Corte Constitucional, y en los que la CGR analiz\u00f3 los componentes de Infraestructura, salud, alimentaci\u00f3n y resocializaci\u00f3n, en cumplimiento del seguimiento a la Sentencia T762 del 2015. Entre las conclusiones generales est\u00e1n que en los establecimiento no se &hellip;<\/p>\n","protected":false},"author":1,"featured_media":39325,"comment_status":"open","ping_status":"open","sticky":false,"template":"","format":"standard","meta":{"footnotes":""},"categories":[45,4],"tags":[3438,2517],"class_list":["post-39324","post","type-post","status-publish","format-standard","has-post-thumbnail","hentry","category-destacado","category-barra","tag-complejo-carcelario-de-cucuta","tag-contraloria-general-de-la-republica"],"_links":{"self":[{"href":"https:\/\/contraluzcucuta.co\/index.php?rest_route=\/wp\/v2\/posts\/39324","targetHints":{"allow":["GET"]}}],"collection":[{"href":"https:\/\/contraluzcucuta.co\/index.php?rest_route=\/wp\/v2\/posts"}],"about":[{"href":"https:\/\/contraluzcucuta.co\/index.php?rest_route=\/wp\/v2\/types\/post"}],"author":[{"embeddable":true,"href":"https:\/\/contraluzcucuta.co\/index.php?rest_route=\/wp\/v2\/users\/1"}],"replies":[{"embeddable":true,"href":"https:\/\/contraluzcucuta.co\/index.php?rest_route=%2Fwp%2Fv2%2Fcomments&post=39324"}],"version-history":[{"count":1,"href":"https:\/\/contraluzcucuta.co\/index.php?rest_route=\/wp\/v2\/posts\/39324\/revisions"}],"predecessor-version":[{"id":39327,"href":"https:\/\/contraluzcucuta.co\/index.php?rest_route=\/wp\/v2\/posts\/39324\/revisions\/39327"}],"wp:featuredmedia":[{"embeddable":true,"href":"https:\/\/contraluzcucuta.co\/index.php?rest_route=\/wp\/v2\/media\/39325"}],"wp:attachment":[{"href":"https:\/\/contraluzcucuta.co\/index.php?rest_route=%2Fwp%2Fv2%2Fmedia&parent=39324"}],"wp:term":[{"taxonomy":"category","embeddable":true,"href":"https:\/\/contraluzcucuta.co\/index.php?rest_route=%2Fwp%2Fv2%2Fcategories&post=39324"},{"taxonomy":"post_tag","embeddable":true,"href":"https:\/\/contraluzcucuta.co\/index.php?rest_route=%2Fwp%2Fv2%2Ftags&post=39324"}],"curies":[{"name":"wp","href":"https:\/\/api.w.org\/{rel}","templated":true}]}}