{"id":39320,"date":"2023-10-17T04:54:45","date_gmt":"2023-10-17T09:54:45","guid":{"rendered":"https:\/\/contraluzcucuta.co\/?p=39320"},"modified":"2023-10-17T04:54:45","modified_gmt":"2023-10-17T09:54:45","slug":"emergencia-de-el-tarrita-se-alista-finalizacion-de-terraplenes","status":"publish","type":"post","link":"https:\/\/contraluzcucuta.co\/?p=39320","title":{"rendered":"EMERGENCIA DE EL TARRITA. Se alista finalizaci\u00f3n de terraplenes"},"content":{"rendered":"<p style=\"padding-left: 40px; text-align: right;\"><strong><span style=\"color: #ff9900;\">\u00c1BREGO &#8211; Norte de Santander.- La instalaci\u00f3n de tuber\u00eda que permite el flujo interno de agua de los taludes y de la corriente del r\u00edo fue terminada por el Instituto Nacional de V\u00edas (Inv\u00edas), en la recta final para superar la emergencia ocurrida en El Tarrita, corredor vial Oca\u00f1a &#8211; C\u00facuta.<\/span><\/strong><\/p>\n<p><a href=\"https:\/\/contraluzcucuta.co\/wp-content\/uploads\/2023\/10\/EL-TARRITA-23.jpg\"><img loading=\"lazy\" decoding=\"async\" class=\"alignnone size-medium wp-image-39322 alignleft\" src=\"https:\/\/contraluzcucuta.co\/wp-content\/uploads\/2023\/10\/EL-TARRITA-23-300x138.jpg\" alt=\"\" width=\"300\" height=\"138\" srcset=\"https:\/\/contraluzcucuta.co\/wp-content\/uploads\/2023\/10\/EL-TARRITA-23-300x138.jpg 300w, https:\/\/contraluzcucuta.co\/wp-content\/uploads\/2023\/10\/EL-TARRITA-23-600x275.jpg 600w, https:\/\/contraluzcucuta.co\/wp-content\/uploads\/2023\/10\/EL-TARRITA-23-1024x469.jpg 1024w, https:\/\/contraluzcucuta.co\/wp-content\/uploads\/2023\/10\/EL-TARRITA-23-768x352.jpg 768w, https:\/\/contraluzcucuta.co\/wp-content\/uploads\/2023\/10\/EL-TARRITA-23.jpg 1200w\" sizes=\"auto, (max-width: 300px) 100vw, 300px\" \/><\/a><\/p>\n<p>El Instituto contin\u00faa los avances en la construcci\u00f3n de los terraplenes y v\u00edas de acceso para que los veh\u00edculos puedan transitar, con total seguridad, por el segundo puente met\u00e1lico instalado en la zona de la emergencia.<\/p>\n<p>En el tercer Puesto de Mando Unificado (PMU) se hizo el balance de las obras ejecutadas de acuerdo con el cronograma establecido y se definieron el plan de manejo de tr\u00e1fico y la fecha de apertura de la v\u00eda.<\/p>\n<p>Inv\u00edas reiter\u00f3 el compromiso con las poblaciones necesitadas y avanza en proyectos de infraestructura clave para el desarrollo regional en b\u00fasqueda de justicia social y econ\u00f3mica para las comunidades de Norte de Santander.<\/p>\n","protected":false},"excerpt":{"rendered":"<p>\u00c1BREGO &#8211; Norte de Santander.- La instalaci\u00f3n de tuber\u00eda que permite el flujo interno de agua de los taludes y de la corriente del r\u00edo fue terminada por el Instituto Nacional de V\u00edas (Inv\u00edas), en la recta final para superar la emergencia ocurrida en El Tarrita, corredor vial Oca\u00f1a &#8211; C\u00facuta. El Instituto contin\u00faa los &hellip;<\/p>\n","protected":false},"author":1,"featured_media":39321,"comment_status":"open","ping_status":"open","sticky":false,"template":"","format":"standard","meta":{"footnotes":""},"categories":[4,6],"tags":[5668,5704,393],"class_list":["post-39320","post","type-post","status-publish","format-standard","has-post-thumbnail","hentry","category-barra","category-ojo-avizor","tag-el-tarrita","tag-emergencia-en-el-tarrita","tag-invias"],"_links":{"self":[{"href":"https:\/\/contraluzcucuta.co\/index.php?rest_route=\/wp\/v2\/posts\/39320","targetHints":{"allow":["GET"]}}],"collection":[{"href":"https:\/\/contraluzcucuta.co\/index.php?rest_route=\/wp\/v2\/posts"}],"about":[{"href":"https:\/\/contraluzcucuta.co\/index.php?rest_route=\/wp\/v2\/types\/post"}],"author":[{"embeddable":true,"href":"https:\/\/contraluzcucuta.co\/index.php?rest_route=\/wp\/v2\/users\/1"}],"replies":[{"embeddable":true,"href":"https:\/\/contraluzcucuta.co\/index.php?rest_route=%2Fwp%2Fv2%2Fcomments&post=39320"}],"version-history":[{"count":1,"href":"https:\/\/contraluzcucuta.co\/index.php?rest_route=\/wp\/v2\/posts\/39320\/revisions"}],"predecessor-version":[{"id":39323,"href":"https:\/\/contraluzcucuta.co\/index.php?rest_route=\/wp\/v2\/posts\/39320\/revisions\/39323"}],"wp:featuredmedia":[{"embeddable":true,"href":"https:\/\/contraluzcucuta.co\/index.php?rest_route=\/wp\/v2\/media\/39321"}],"wp:attachment":[{"href":"https:\/\/contraluzcucuta.co\/index.php?rest_route=%2Fwp%2Fv2%2Fmedia&parent=39320"}],"wp:term":[{"taxonomy":"category","embeddable":true,"href":"https:\/\/contraluzcucuta.co\/index.php?rest_route=%2Fwp%2Fv2%2Fcategories&post=39320"},{"taxonomy":"post_tag","embeddable":true,"href":"https:\/\/contraluzcucuta.co\/index.php?rest_route=%2Fwp%2Fv2%2Ftags&post=39320"}],"curies":[{"name":"wp","href":"https:\/\/api.w.org\/{rel}","templated":true}]}}