{"id":39317,"date":"2023-10-17T04:45:28","date_gmt":"2023-10-17T09:45:28","guid":{"rendered":"https:\/\/contraluzcucuta.co\/?p=39317"},"modified":"2023-10-17T04:45:28","modified_gmt":"2023-10-17T09:45:28","slug":"acuerdo-cese-al-fuego-del-17-de-octubre-al-15-de-enero","status":"publish","type":"post","link":"https:\/\/contraluzcucuta.co\/?p=39317","title":{"rendered":"ACUERDO. Cese al fuego del 17 de octubre al 15 de enero"},"content":{"rendered":"<p style=\"padding-left: 40px; text-align: right;\"><strong><span style=\"color: #ff9900;\">TIB\u00da \u2013 Norte de Santander.- Entre el 17 de octubre y el 15 de enero de 2024, se cumplir\u00e1 el cese al fuego bilateral pactado por el Gobierno y las disidencias de las Farc. La mesa de di\u00e1logos se instal\u00f3, este lunes, en Tib\u00fa, donde se dio a conocer el decreto que estipula la duraci\u00f3n de la medida y otros aspectos fundamentales para la paz.<\/span><\/strong><\/p>\n<p>El cese al fuego se basa en el respeto a la poblaci\u00f3n civil y entre los objetivos destacan:<\/p>\n<ul>\n<li>Facilitar el funcionamiento de la mesa de di\u00e1logo<\/li>\n<li>El respeto a la vida de grupos de especial protecci\u00f3n, incluidos los firmantes del Acuerdo Final<\/li>\n<li>Permitir el desarrollo de las elecciones regionales del 29 de octubre<\/li>\n<li>Pemitir el cumplimiento de acuerdos territoriales.<\/li>\n<\/ul>\n<p>El cese al fuego se guiar\u00e1 por el protocolo que \u201cdetermine las \u00e1reas en las que hace presencia el Estado Mayor Central de las FARC-EP, las cuales ser\u00e1n objeto de validaci\u00f3n del Gobierno\u201d. No podr\u00e1n incluir zonas pobladas o \u00e1reas que comprometan la seguridad del pa\u00eds.<\/p>\n<p>El comit\u00e9 t\u00e9cnico, propuesto en el decreto, estar\u00e1 integrado por delegados del Gobierno y de las disidencias, y del ministerio de Defensa, un observador militar y otro policial con equipos de apoyo. Este grupo elaborar\u00e1 el protocolo para determinar las \u00e1reas donde har\u00e1n presencia las unidades guerrilleras.<\/p>\n<p>Otro aparte del decreto se\u00f1ala que no se suspender\u00e1n las acciones de la Fuerza P\u00fablica contra de las econom\u00edas ilegales.<\/p>\n","protected":false},"excerpt":{"rendered":"<p>TIB\u00da \u2013 Norte de Santander.- Entre el 17 de octubre y el 15 de enero de 2024, se cumplir\u00e1 el cese al fuego bilateral pactado por el Gobierno y las disidencias de las Farc. La mesa de di\u00e1logos se instal\u00f3, este lunes, en Tib\u00fa, donde se dio a conocer el decreto que estipula la duraci\u00f3n &hellip;<\/p>\n","protected":false},"author":1,"featured_media":39318,"comment_status":"open","ping_status":"open","sticky":false,"template":"","format":"standard","meta":{"footnotes":""},"categories":[11,4],"tags":[5754,279],"class_list":["post-39317","post","type-post","status-publish","format-standard","has-post-thumbnail","hentry","category-cronica-roja","category-barra","tag-cese-al-fuego","tag-tibu"],"_links":{"self":[{"href":"https:\/\/contraluzcucuta.co\/index.php?rest_route=\/wp\/v2\/posts\/39317","targetHints":{"allow":["GET"]}}],"collection":[{"href":"https:\/\/contraluzcucuta.co\/index.php?rest_route=\/wp\/v2\/posts"}],"about":[{"href":"https:\/\/contraluzcucuta.co\/index.php?rest_route=\/wp\/v2\/types\/post"}],"author":[{"embeddable":true,"href":"https:\/\/contraluzcucuta.co\/index.php?rest_route=\/wp\/v2\/users\/1"}],"replies":[{"embeddable":true,"href":"https:\/\/contraluzcucuta.co\/index.php?rest_route=%2Fwp%2Fv2%2Fcomments&post=39317"}],"version-history":[{"count":1,"href":"https:\/\/contraluzcucuta.co\/index.php?rest_route=\/wp\/v2\/posts\/39317\/revisions"}],"predecessor-version":[{"id":39319,"href":"https:\/\/contraluzcucuta.co\/index.php?rest_route=\/wp\/v2\/posts\/39317\/revisions\/39319"}],"wp:featuredmedia":[{"embeddable":true,"href":"https:\/\/contraluzcucuta.co\/index.php?rest_route=\/wp\/v2\/media\/39318"}],"wp:attachment":[{"href":"https:\/\/contraluzcucuta.co\/index.php?rest_route=%2Fwp%2Fv2%2Fmedia&parent=39317"}],"wp:term":[{"taxonomy":"category","embeddable":true,"href":"https:\/\/contraluzcucuta.co\/index.php?rest_route=%2Fwp%2Fv2%2Fcategories&post=39317"},{"taxonomy":"post_tag","embeddable":true,"href":"https:\/\/contraluzcucuta.co\/index.php?rest_route=%2Fwp%2Fv2%2Ftags&post=39317"}],"curies":[{"name":"wp","href":"https:\/\/api.w.org\/{rel}","templated":true}]}}