{"id":39300,"date":"2023-10-15T16:23:12","date_gmt":"2023-10-15T21:23:12","guid":{"rendered":"https:\/\/contraluzcucuta.co\/?p=39300"},"modified":"2023-10-15T16:23:12","modified_gmt":"2023-10-15T21:23:12","slug":"paseo-cultural-pactos-por-la-cultura-de-norte-de-santander","status":"publish","type":"post","link":"https:\/\/contraluzcucuta.co\/?p=39300","title":{"rendered":"PASEO CULTURAL. Pactos por la Cultura de Norte de Santander"},"content":{"rendered":"<p style=\"padding-left: 40px; text-align: right;\"><strong><span style=\"color: #ff9900;\">C\u00daCUTA.- Seis aspirantes a la Gobernaci\u00f3n de Norte de Santander firmaron, el 12 de octubre, el Pacto por la Cultura de Norte de Santander. Al acto, llevado a cabo en la Corporaci\u00f3n Mudarte (C\u00facuta), asistieron l\u00edderes y actores del sector cultural, observadores, garantes y ciudadanos para ser testigos del compromiso asumido por candidatos a dirigir los destinos del departamento.<\/span><\/strong><\/p>\n<p>\u201cLa gobernanza art\u00edstica, cultural y patrimonial ha dejado gran cantidad de metas inconclusas contempladas en los planes de desarrollo de los per\u00edodos de gobierno de 2004 \u2013 2007, 2008 \u2013 2011, 2012 &#8211; 2015, 2016 \u2013 2019 y en\u00a0 el actual 2020- 2023, realidad que ha afectado negativamente al Ecosistema Art\u00edstico, Cultural y Patrimonial de Norte de Santander, causando p\u00e9rdida de confianza entre los sectores din\u00e1micos representativos del arte, la cultura y el patrimonio con los gobernantes en cada per\u00edodo de gobierno\u201d.<\/p>\n<p>Los pactos ciudadanos por la artes, las culturas y los saberes en Norte de Santander son iniciativa de la sociedad civil, representada por cultores, artistas, gestores culturales y organizaciones culturales, los cuales invisten sus representantes en las mesas intersectoriales de \u00e1reas art\u00edsticas, el Consejo\u00a0 Departamental de Cultura y la Asamblea de Norte de Santander Si a la reforma por la cultura.<\/p>\n<p>Las iniciativas expuestas a los candidatos Juan Gabriel Baca, Jos\u00e9 Gregorio Botello, Diego Armando Gonz\u00e1lez, Jorge Eduardo Mora, John Eddison Ortega, Ram\u00f3n El\u00ed T\u00e1mara fueron construidas y socializadas por los sectores independientes con el fin de consolidarlas en el componente cultural del Plan de Desarrollo del per\u00edodo 2024 &#8211; 2027.<\/p>\n<p><a href=\"https:\/\/contraluzcucuta.co\/wp-content\/uploads\/2023\/10\/PACTO-POR-LA-CULTURA-1.jpeg\"><img loading=\"lazy\" decoding=\"async\" class=\"alignnone size-medium wp-image-39302 alignleft\" src=\"https:\/\/contraluzcucuta.co\/wp-content\/uploads\/2023\/10\/PACTO-POR-LA-CULTURA-1-300x169.jpeg\" alt=\"\" width=\"300\" height=\"169\" srcset=\"https:\/\/contraluzcucuta.co\/wp-content\/uploads\/2023\/10\/PACTO-POR-LA-CULTURA-1-300x169.jpeg 300w, https:\/\/contraluzcucuta.co\/wp-content\/uploads\/2023\/10\/PACTO-POR-LA-CULTURA-1-600x338.jpeg 600w, https:\/\/contraluzcucuta.co\/wp-content\/uploads\/2023\/10\/PACTO-POR-LA-CULTURA-1-1024x576.jpeg 1024w, https:\/\/contraluzcucuta.co\/wp-content\/uploads\/2023\/10\/PACTO-POR-LA-CULTURA-1-768x432.jpeg 768w, https:\/\/contraluzcucuta.co\/wp-content\/uploads\/2023\/10\/PACTO-POR-LA-CULTURA-1-1536x864.jpeg 1536w, https:\/\/contraluzcucuta.co\/wp-content\/uploads\/2023\/10\/PACTO-POR-LA-CULTURA-1.jpeg 1600w\" sizes=\"auto, (max-width: 300px) 100vw, 300px\" \/><\/a><\/p>\n<p><strong>Primer pacto<\/strong><\/p>\n<p>Dise\u00f1o, elaboraci\u00f3n e implementaci\u00f3n del plan decenal de arte cultura y patrimonio de Norte de Santander 2024-2034.<\/p>\n<p><strong>Segundo pacto<\/strong><\/p>\n<p>Incrementar el presupuesto de cultura<\/p>\n<p><strong>Tercer pacto<\/strong><\/p>\n<p>Garantizar y promover el acceso y disfrute de las artes, las culturas y los saberes en el departamento. Fortalecer el sistema de arte, cultura y patrimonio, especialmente los subsistemas de formaci\u00f3n art\u00edstica, educaci\u00f3n art\u00edstica, investigaci\u00f3n, circulaci\u00f3n de obra, literatura (lectura y escritura), creaci\u00f3n art\u00edstica y patrimonio material e inmaterial.<\/p>\n<p><strong>Cuarto pacto<\/strong><\/p>\n<p>Formaci\u00f3n, promoci\u00f3n, difusi\u00f3n y circulaci\u00f3n de las artes, la culturas y los saberes en Norte de Santander.<\/p>\n<p><a href=\"https:\/\/contraluzcucuta.co\/wp-content\/uploads\/2023\/10\/PACTO-POR-LA-CULTURA-2.jpeg\"><img loading=\"lazy\" decoding=\"async\" class=\"alignnone size-medium wp-image-39303 alignleft\" src=\"https:\/\/contraluzcucuta.co\/wp-content\/uploads\/2023\/10\/PACTO-POR-LA-CULTURA-2-300x169.jpeg\" alt=\"\" width=\"300\" height=\"169\" srcset=\"https:\/\/contraluzcucuta.co\/wp-content\/uploads\/2023\/10\/PACTO-POR-LA-CULTURA-2-300x169.jpeg 300w, https:\/\/contraluzcucuta.co\/wp-content\/uploads\/2023\/10\/PACTO-POR-LA-CULTURA-2-600x338.jpeg 600w, https:\/\/contraluzcucuta.co\/wp-content\/uploads\/2023\/10\/PACTO-POR-LA-CULTURA-2-1024x576.jpeg 1024w, https:\/\/contraluzcucuta.co\/wp-content\/uploads\/2023\/10\/PACTO-POR-LA-CULTURA-2-768x432.jpeg 768w, https:\/\/contraluzcucuta.co\/wp-content\/uploads\/2023\/10\/PACTO-POR-LA-CULTURA-2-1536x864.jpeg 1536w, https:\/\/contraluzcucuta.co\/wp-content\/uploads\/2023\/10\/PACTO-POR-LA-CULTURA-2.jpeg 1600w\" sizes=\"auto, (max-width: 300px) 100vw, 300px\" \/><\/a><\/p>\n<p><strong>Quinto pacto<\/strong><\/p>\n<p>Dignificaci\u00f3n laboral de artistas, creadores, cultores, gestores y organizaciones culturales.<\/p>\n<p><strong>Sexto pacto <\/strong><\/p>\n<p>Visibilizar el patrimonio cultural de Norte de Santander<\/p>\n<p><strong>S\u00e9ptimo pacto<\/strong><\/p>\n<p>Cultura fronteriza binacional e internacional<\/p>\n<p>\u201cSe\u00f1ores candidatos, estando a las puertas de la elecci\u00f3n del nuevo gobernador de los Nortesantandereanos el di\u00e1logo constructivo y los acuerdos que de \u00e9l se establezcan son el punto de partida para rodear de parte de los cultores, artistas, gestores culturales y organizaciones culturales al nuevo equipo de gobernanza del departamento\u201d, se\u00f1ala el documento suscrito por los aspirantes a la Gobernaci\u00f3n.<\/p>\n","protected":false},"excerpt":{"rendered":"<p>C\u00daCUTA.- Seis aspirantes a la Gobernaci\u00f3n de Norte de Santander firmaron, el 12 de octubre, el Pacto por la Cultura de Norte de Santander. Al acto, llevado a cabo en la Corporaci\u00f3n Mudarte (C\u00facuta), asistieron l\u00edderes y actores del sector cultural, observadores, garantes y ciudadanos para ser testigos del compromiso asumido por candidatos a dirigir &hellip;<\/p>\n","protected":false},"author":1,"featured_media":39301,"comment_status":"open","ping_status":"open","sticky":false,"template":"","format":"standard","meta":{"footnotes":""},"categories":[4,37],"tags":[5762,5761,5760,4599],"class_list":["post-39300","post","type-post","status-publish","format-standard","has-post-thumbnail","hentry","category-barra","category-paseo-cultural","tag-consejo-departamental-de-cultura","tag-corporacion-mudarte","tag-pacto-por-la-cultura","tag-paseo-cultural"],"_links":{"self":[{"href":"https:\/\/contraluzcucuta.co\/index.php?rest_route=\/wp\/v2\/posts\/39300","targetHints":{"allow":["GET"]}}],"collection":[{"href":"https:\/\/contraluzcucuta.co\/index.php?rest_route=\/wp\/v2\/posts"}],"about":[{"href":"https:\/\/contraluzcucuta.co\/index.php?rest_route=\/wp\/v2\/types\/post"}],"author":[{"embeddable":true,"href":"https:\/\/contraluzcucuta.co\/index.php?rest_route=\/wp\/v2\/users\/1"}],"replies":[{"embeddable":true,"href":"https:\/\/contraluzcucuta.co\/index.php?rest_route=%2Fwp%2Fv2%2Fcomments&post=39300"}],"version-history":[{"count":1,"href":"https:\/\/contraluzcucuta.co\/index.php?rest_route=\/wp\/v2\/posts\/39300\/revisions"}],"predecessor-version":[{"id":39304,"href":"https:\/\/contraluzcucuta.co\/index.php?rest_route=\/wp\/v2\/posts\/39300\/revisions\/39304"}],"wp:featuredmedia":[{"embeddable":true,"href":"https:\/\/contraluzcucuta.co\/index.php?rest_route=\/wp\/v2\/media\/39301"}],"wp:attachment":[{"href":"https:\/\/contraluzcucuta.co\/index.php?rest_route=%2Fwp%2Fv2%2Fmedia&parent=39300"}],"wp:term":[{"taxonomy":"category","embeddable":true,"href":"https:\/\/contraluzcucuta.co\/index.php?rest_route=%2Fwp%2Fv2%2Fcategories&post=39300"},{"taxonomy":"post_tag","embeddable":true,"href":"https:\/\/contraluzcucuta.co\/index.php?rest_route=%2Fwp%2Fv2%2Ftags&post=39300"}],"curies":[{"name":"wp","href":"https:\/\/api.w.org\/{rel}","templated":true}]}}