{"id":39294,"date":"2023-10-15T16:05:24","date_gmt":"2023-10-15T21:05:24","guid":{"rendered":"https:\/\/contraluzcucuta.co\/?p=39294"},"modified":"2023-10-15T16:05:47","modified_gmt":"2023-10-15T21:05:47","slug":"cronica-ligera-70-anos-del-pastel-de-garbanzo","status":"publish","type":"post","link":"https:\/\/contraluzcucuta.co\/?p=39294","title":{"rendered":"CR\u00d3NICA LIGERA. 70 a\u00f1os del pastel de garbanzo"},"content":{"rendered":"<p style=\"padding-left: 40px; text-align: right;\"><strong><span style=\"color: #ff9900;\">C\u00daCUTA.- Dar\u00edo Guerrero, en 1953, dio comienzo a la elaboraci\u00f3n comercial del pastel de garbanzo, en la calle 4 con avenidas 9 y 10 del barrio Callej\u00f3n, de C\u00facuta.<\/span><\/strong><\/p>\n<p>Dar\u00edo Le\u00f3n Guerrero Meneses, hijo de don Dar\u00edo y cofundador, cuenta que su pap\u00e1 le compr\u00f3 la f\u00f3rmula a una se\u00f1ora a quien llamaban Pachita y junto a su mam\u00e1, los hermanos mayores y otras personas (10) pusieron en marcha la primera f\u00e1brica oficial del pastel de garbanzo en nuestra ciudad.<\/p>\n<p><a href=\"https:\/\/contraluzcucuta.co\/wp-content\/uploads\/2023\/10\/PASTEL-DE-GARBANZO-4.jpg\"><img loading=\"lazy\" decoding=\"async\" class=\"alignnone size-medium wp-image-39297 alignleft\" src=\"https:\/\/contraluzcucuta.co\/wp-content\/uploads\/2023\/10\/PASTEL-DE-GARBANZO-4-300x279.jpg\" alt=\"\" width=\"300\" height=\"279\" srcset=\"https:\/\/contraluzcucuta.co\/wp-content\/uploads\/2023\/10\/PASTEL-DE-GARBANZO-4-300x279.jpg 300w, https:\/\/contraluzcucuta.co\/wp-content\/uploads\/2023\/10\/PASTEL-DE-GARBANZO-4-600x559.jpg 600w, https:\/\/contraluzcucuta.co\/wp-content\/uploads\/2023\/10\/PASTEL-DE-GARBANZO-4-1024x954.jpg 1024w, https:\/\/contraluzcucuta.co\/wp-content\/uploads\/2023\/10\/PASTEL-DE-GARBANZO-4-768x715.jpg 768w, https:\/\/contraluzcucuta.co\/wp-content\/uploads\/2023\/10\/PASTEL-DE-GARBANZO-4.jpg 1080w\" sizes=\"auto, (max-width: 300px) 100vw, 300px\" \/><\/a><\/p>\n<p>Fue tal el \u00e9xito y la demanda, que a los pocos meses vincularon a dos pasteleros que, en bicicletas y con canastos, entregaban el producto en los puntos de venta donde fueron muy afamados: Quiroga, calle 10 y las Gamboa (barrio La Playa).<\/p>\n<p>Conoc\u00ed a don Dar\u00edo Guerrero como presidente de la junta padres de familia del colegio San Tarsicio (1961). Llam\u00f3 mi atenci\u00f3n que en los actos solemnes vest\u00eda elegante, con camisa manga larga almidonada y mancornas, saco y corbata roja. Fui compa\u00f1ero de pupitre de sus hijos Olmedo (abogado) y Jorge (q.e.p.d.), quienes en alguna ocasi\u00f3n me invitaron a la f\u00e1brica a degustar los ya famosos pasteles de garbanzo.<\/p>\n<p>Ese d\u00eda\u00a0\u00a0 me impresion\u00f3 el sabor de los pasteles y el aseo de la bonita casa, como casi todas las del barrio Callej\u00f3n. Tiempo despu\u00e9s, me enter\u00e9 de que la corbata roja que don Dar\u00edo luc\u00eda, era por su condici\u00f3n de jefe del Partido Liberal en el barrio.<\/p>\n<p>La mayor\u00eda de los Guerrero ya no est\u00e1n, pero dejaron el legado de los pasteles de garbanzo a sus descendientes que hoy contin\u00faan en la tercera generaci\u00f3n. Carolina, hija de Dar\u00edo Le\u00f3n (retirado), desde el barrio Loma de Bol\u00edvar sigue preparando el pastel de garbanzo con la misma f\u00f3rmula de hace 70 a\u00f1os. En Los Patios, Andr\u00e9s (hijo de Jorge), tambi\u00e9n los prepara.<\/p>\n<p><a href=\"https:\/\/contraluzcucuta.co\/wp-content\/uploads\/2023\/10\/PASTEL-DE-GARBANZO-1.jpg\"><img loading=\"lazy\" decoding=\"async\" class=\"alignnone size-medium wp-image-39298 alignleft\" src=\"https:\/\/contraluzcucuta.co\/wp-content\/uploads\/2023\/10\/PASTEL-DE-GARBANZO-1-300x199.jpg\" alt=\"\" width=\"300\" height=\"199\" srcset=\"https:\/\/contraluzcucuta.co\/wp-content\/uploads\/2023\/10\/PASTEL-DE-GARBANZO-1-300x199.jpg 300w, https:\/\/contraluzcucuta.co\/wp-content\/uploads\/2023\/10\/PASTEL-DE-GARBANZO-1-600x398.jpg 600w, https:\/\/contraluzcucuta.co\/wp-content\/uploads\/2023\/10\/PASTEL-DE-GARBANZO-1-1024x678.jpg 1024w, https:\/\/contraluzcucuta.co\/wp-content\/uploads\/2023\/10\/PASTEL-DE-GARBANZO-1-768x509.jpg 768w, https:\/\/contraluzcucuta.co\/wp-content\/uploads\/2023\/10\/PASTEL-DE-GARBANZO-1-310x205.jpg 310w, https:\/\/contraluzcucuta.co\/wp-content\/uploads\/2023\/10\/PASTEL-DE-GARBANZO-1.jpg 1200w\" sizes=\"auto, (max-width: 300px) 100vw, 300px\" \/><\/a><\/p>\n<p>Carolina Guerrero dio a conocer el procedimiento de la elaboraci\u00f3n, aunque no cuenta el secreto de la f\u00f3rmula. En el proceso se cocinan el garbanzo y los dem\u00e1s guisantes para refrigerarlos la noche anterior. Al d\u00eda siguiente, se amasa la harina de trigo y se deja reposar 20 minutos, para luego pasarla por la m\u00e1quina que la estira. Extendida en la mesa, es puesto el relleno y, luego, encima otra tapa de harina para cortar con molde redondo en forma de sombrero. Se puya con el tenedor y se pone a fre\u00edr.<\/p>\n<p><strong>PAUL ERASMO CHARRY<\/strong><\/p>\n<p><strong>Gu\u00eda profesional de turismo<\/strong><\/p>\n","protected":false},"excerpt":{"rendered":"<p>C\u00daCUTA.- Dar\u00edo Guerrero, en 1953, dio comienzo a la elaboraci\u00f3n comercial del pastel de garbanzo, en la calle 4 con avenidas 9 y 10 del barrio Callej\u00f3n, de C\u00facuta. Dar\u00edo Le\u00f3n Guerrero Meneses, hijo de don Dar\u00edo y cofundador, cuenta que su pap\u00e1 le compr\u00f3 la f\u00f3rmula a una se\u00f1ora a quien llamaban Pachita y &hellip;<\/p>\n","protected":false},"author":1,"featured_media":39296,"comment_status":"open","ping_status":"open","sticky":false,"template":"","format":"standard","meta":{"footnotes":""},"categories":[10,45,4],"tags":[5407,5758,5759],"class_list":["post-39294","post","type-post","status-publish","format-standard","has-post-thumbnail","hentry","category-cronicas","category-destacado","category-barra","tag-cronica-ligera","tag-pastel-de-garbanzo","tag-paul-charry"],"_links":{"self":[{"href":"https:\/\/contraluzcucuta.co\/index.php?rest_route=\/wp\/v2\/posts\/39294","targetHints":{"allow":["GET"]}}],"collection":[{"href":"https:\/\/contraluzcucuta.co\/index.php?rest_route=\/wp\/v2\/posts"}],"about":[{"href":"https:\/\/contraluzcucuta.co\/index.php?rest_route=\/wp\/v2\/types\/post"}],"author":[{"embeddable":true,"href":"https:\/\/contraluzcucuta.co\/index.php?rest_route=\/wp\/v2\/users\/1"}],"replies":[{"embeddable":true,"href":"https:\/\/contraluzcucuta.co\/index.php?rest_route=%2Fwp%2Fv2%2Fcomments&post=39294"}],"version-history":[{"count":1,"href":"https:\/\/contraluzcucuta.co\/index.php?rest_route=\/wp\/v2\/posts\/39294\/revisions"}],"predecessor-version":[{"id":39299,"href":"https:\/\/contraluzcucuta.co\/index.php?rest_route=\/wp\/v2\/posts\/39294\/revisions\/39299"}],"wp:featuredmedia":[{"embeddable":true,"href":"https:\/\/contraluzcucuta.co\/index.php?rest_route=\/wp\/v2\/media\/39296"}],"wp:attachment":[{"href":"https:\/\/contraluzcucuta.co\/index.php?rest_route=%2Fwp%2Fv2%2Fmedia&parent=39294"}],"wp:term":[{"taxonomy":"category","embeddable":true,"href":"https:\/\/contraluzcucuta.co\/index.php?rest_route=%2Fwp%2Fv2%2Fcategories&post=39294"},{"taxonomy":"post_tag","embeddable":true,"href":"https:\/\/contraluzcucuta.co\/index.php?rest_route=%2Fwp%2Fv2%2Ftags&post=39294"}],"curies":[{"name":"wp","href":"https:\/\/api.w.org\/{rel}","templated":true}]}}