{"id":39290,"date":"2023-10-15T15:43:43","date_gmt":"2023-10-15T20:43:43","guid":{"rendered":"https:\/\/contraluzcucuta.co\/?p=39290"},"modified":"2023-10-15T15:43:43","modified_gmt":"2023-10-15T20:43:43","slug":"cafe-de-colombia-empalme-generacional-cafetero","status":"publish","type":"post","link":"https:\/\/contraluzcucuta.co\/?p=39290","title":{"rendered":"CAF\u00c9 DE COLOMBIA. Empalme generacional cafetero"},"content":{"rendered":"<p style=\"padding-left: 40px; text-align: right;\"><strong><span style=\"color: #ff9900;\">LABATECA \u2013 Norte de Santander.- J\u00f3venes de Labateca y Toledo, provenientes de familias cafeteras, presentaron a Germ\u00e1n Baham\u00f3n, gerente general de la Federaci\u00f3n Nacional de Cafeteros, productos a base de caf\u00e9. El empalme generacional es promovido por la FNC.<\/span><\/strong><\/p>\n<p>La Alcald\u00eda entreg\u00f3 60 diplomas a j\u00f3venes y ni\u00f1os que durante 20 d\u00edas participaron en el curso Cataci\u00f3n Caf\u00e9 de Colombia, dirigido por la Federaci\u00f3n, Almacaf\u00e9, Fundaci\u00f3n Manuel Mej\u00eda y Sena.<\/p>\n<p>Las actividades se cumplieron en Labateca, durante la conmemoraci\u00f3n de los 26 a\u00f1os del programa Caf\u00e9 Especial Toledo \u2013 Labateca. En el acto se resalt\u00f3 que Norte de Santander destaca por producir un exquisito caf\u00e9 con sabor a nueces tostadas y con textura achocolatada.<\/p>\n<p><a href=\"https:\/\/contraluzcucuta.co\/wp-content\/uploads\/2023\/10\/CAFETERO-10.jpeg\"><img loading=\"lazy\" decoding=\"async\" class=\"alignnone size-medium wp-image-39292 alignleft\" src=\"https:\/\/contraluzcucuta.co\/wp-content\/uploads\/2023\/10\/CAFETERO-10-300x185.jpeg\" alt=\"\" width=\"300\" height=\"185\" srcset=\"https:\/\/contraluzcucuta.co\/wp-content\/uploads\/2023\/10\/CAFETERO-10-300x185.jpeg 300w, https:\/\/contraluzcucuta.co\/wp-content\/uploads\/2023\/10\/CAFETERO-10-600x371.jpeg 600w, https:\/\/contraluzcucuta.co\/wp-content\/uploads\/2023\/10\/CAFETERO-10-1024x633.jpeg 1024w, https:\/\/contraluzcucuta.co\/wp-content\/uploads\/2023\/10\/CAFETERO-10-768x475.jpeg 768w, https:\/\/contraluzcucuta.co\/wp-content\/uploads\/2023\/10\/CAFETERO-10-1536x949.jpeg 1536w, https:\/\/contraluzcucuta.co\/wp-content\/uploads\/2023\/10\/CAFETERO-10.jpeg 1600w\" sizes=\"auto, (max-width: 300px) 100vw, 300px\" \/><\/a><\/p>\n<p>Baham\u00f3n particip\u00f3 en la fiesta, organizada por el Comit\u00e9 Departamental de Cafeteros de Norte de Santander y comparti\u00f3 con la comitiva institucional cafetera, caficultores, alcaldes de Toledo y Labateca, Cooperativa de Caficultores del Catatumbo y Banco Agrario de Colombia.<\/p>\n<p>Colaboradores de la Oficina de Bogot\u00e1 compartieron un espacio acad\u00e9mico con los caficultores para fortalecer la institucionalidad cafetera.<\/p>\n<p>La alcald\u00eda de Labateca tambi\u00e9n entreg\u00f3 exaltaciones por a 10 caficultores.<\/p>\n","protected":false},"excerpt":{"rendered":"<p>LABATECA \u2013 Norte de Santander.- J\u00f3venes de Labateca y Toledo, provenientes de familias cafeteras, presentaron a Germ\u00e1n Baham\u00f3n, gerente general de la Federaci\u00f3n Nacional de Cafeteros, productos a base de caf\u00e9. El empalme generacional es promovido por la FNC. La Alcald\u00eda entreg\u00f3 60 diplomas a j\u00f3venes y ni\u00f1os que durante 20 d\u00edas participaron en el &hellip;<\/p>\n","protected":false},"author":1,"featured_media":39291,"comment_status":"open","ping_status":"open","sticky":false,"template":"","format":"standard","meta":{"footnotes":""},"categories":[4,32],"tags":[5756,5402,5755,5757,2740],"class_list":["post-39290","post","type-post","status-publish","format-standard","has-post-thumbnail","hentry","category-barra","category-recorrido-por-la-region","tag-almacafe","tag-cafe-de-colombia","tag-cafe-especial-toledo","tag-comite-departamental-de-cafeteros","tag-federacion-nacional-de-cafeteros"],"_links":{"self":[{"href":"https:\/\/contraluzcucuta.co\/index.php?rest_route=\/wp\/v2\/posts\/39290","targetHints":{"allow":["GET"]}}],"collection":[{"href":"https:\/\/contraluzcucuta.co\/index.php?rest_route=\/wp\/v2\/posts"}],"about":[{"href":"https:\/\/contraluzcucuta.co\/index.php?rest_route=\/wp\/v2\/types\/post"}],"author":[{"embeddable":true,"href":"https:\/\/contraluzcucuta.co\/index.php?rest_route=\/wp\/v2\/users\/1"}],"replies":[{"embeddable":true,"href":"https:\/\/contraluzcucuta.co\/index.php?rest_route=%2Fwp%2Fv2%2Fcomments&post=39290"}],"version-history":[{"count":1,"href":"https:\/\/contraluzcucuta.co\/index.php?rest_route=\/wp\/v2\/posts\/39290\/revisions"}],"predecessor-version":[{"id":39293,"href":"https:\/\/contraluzcucuta.co\/index.php?rest_route=\/wp\/v2\/posts\/39290\/revisions\/39293"}],"wp:featuredmedia":[{"embeddable":true,"href":"https:\/\/contraluzcucuta.co\/index.php?rest_route=\/wp\/v2\/media\/39291"}],"wp:attachment":[{"href":"https:\/\/contraluzcucuta.co\/index.php?rest_route=%2Fwp%2Fv2%2Fmedia&parent=39290"}],"wp:term":[{"taxonomy":"category","embeddable":true,"href":"https:\/\/contraluzcucuta.co\/index.php?rest_route=%2Fwp%2Fv2%2Fcategories&post=39290"},{"taxonomy":"post_tag","embeddable":true,"href":"https:\/\/contraluzcucuta.co\/index.php?rest_route=%2Fwp%2Fv2%2Ftags&post=39290"}],"curies":[{"name":"wp","href":"https:\/\/api.w.org\/{rel}","templated":true}]}}