{"id":39284,"date":"2023-10-14T11:28:17","date_gmt":"2023-10-14T16:28:17","guid":{"rendered":"https:\/\/contraluzcucuta.co\/?p=39284"},"modified":"2023-10-14T11:31:37","modified_gmt":"2023-10-14T16:31:37","slug":"candidato-a-la-gobernacion-cambiemos-el-rumbo-ramon-tamara","status":"publish","type":"post","link":"https:\/\/contraluzcucuta.co\/?p=39284","title":{"rendered":"CANDIDATO A LA GOBERNACI\u00d3N. Cambiemos el rumbo: Ram\u00f3n T\u00e1mara"},"content":{"rendered":"<p style=\"padding-left: 40px; text-align: right;\"><strong><span style=\"color: #ff9900;\">C\u00daCUTA.- El licenciado en ciencias sociales Ram\u00f3n T\u00e1mara cree que la responsabilidad del cambio en el departamento es exclusivamente de los nortesantandereanos, a quienes les corresponde determinar el camino que abrir\u00e1 el sendero del progreso.<\/span><\/strong><\/p>\n<p>\u201cEstoy realmente convencido de que nuestro departamento necesita un cambio, requiere ser gobernado con un enfoque progresista donde se le apueste a valorar la dignidad humana, a erradicar la pobreza, a asegurar la prestaci\u00f3n de servicios de manera eficiente y que todo esto se vea reflejado en el mejoramiento de la calidad de vida de los nortesantandereanos\u201d.<\/p>\n<figure id=\"attachment_39285\" aria-describedby=\"caption-attachment-39285\" style=\"width: 214px\" class=\"wp-caption alignleft\"><a href=\"https:\/\/contraluzcucuta.co\/wp-content\/uploads\/2023\/10\/RAMON-TAMARA-3.jpeg\"><img loading=\"lazy\" decoding=\"async\" class=\"size-medium wp-image-39285\" src=\"https:\/\/contraluzcucuta.co\/wp-content\/uploads\/2023\/10\/RAMON-TAMARA-3-214x300.jpeg\" alt=\"\" width=\"214\" height=\"300\" srcset=\"https:\/\/contraluzcucuta.co\/wp-content\/uploads\/2023\/10\/RAMON-TAMARA-3-214x300.jpeg 214w, https:\/\/contraluzcucuta.co\/wp-content\/uploads\/2023\/10\/RAMON-TAMARA-3-600x840.jpeg 600w, https:\/\/contraluzcucuta.co\/wp-content\/uploads\/2023\/10\/RAMON-TAMARA-3-732x1024.jpeg 732w, https:\/\/contraluzcucuta.co\/wp-content\/uploads\/2023\/10\/RAMON-TAMARA-3-768x1075.jpeg 768w, https:\/\/contraluzcucuta.co\/wp-content\/uploads\/2023\/10\/RAMON-TAMARA-3-1097x1536.jpeg 1097w, https:\/\/contraluzcucuta.co\/wp-content\/uploads\/2023\/10\/RAMON-TAMARA-3.jpeg 1143w\" sizes=\"auto, (max-width: 214px) 100vw, 214px\" \/><\/a><figcaption id=\"caption-attachment-39285\" class=\"wp-caption-text\">Foto: contraluzcucuta.co<\/figcaption><\/figure>\n<p>Las siguientes son las propuestas del candidato a la Gobernaci\u00f3n:<\/p>\n<p><strong>MEDIO AMBIENTE <\/strong><\/p>\n<p>Defensa del p\u00e1ramo de Santurb\u00e1n.<\/p>\n<p>Reforestaci\u00f3n. Conformaci\u00f3n de equipos con actores sociales en cada municipio.<\/p>\n<p>Garantizar el m\u00ednimo vital de agua.<\/p>\n<p>Gestionar el abastecimiento de agua potable.<\/p>\n<p>Construir acueductos veredales.<\/p>\n<p><strong>EL CAMPO <\/strong><\/p>\n<p>Gestionar la construcci\u00f3n de centros de acopio.<\/p>\n<p>Gestionar con el SENA y el ISER capacitaci\u00f3n para los campesinos.<\/p>\n<p>Gestionar que los cr\u00e9ditos del banco Agrario tengan facilidades de pago.<\/p>\n<p>Creaci\u00f3n de bancos de maquinarias para el desarrollo agrario.<\/p>\n<p>Gestionar subsidios y acompa\u00f1amiento en actividades agroindustriales.<\/p>\n<p>Apoyar la creaci\u00f3n de canales de riego.<\/p>\n<p>Gestionar la propiedad de la tierra para los campesinos.<\/p>\n<p><strong>LA FRONTERA <\/strong><\/p>\n<p>Gestionar la creaci\u00f3n de la Agencia Nacional de Fronteras.<\/p>\n<p>Gestionar la caracterizaci\u00f3n como ciudadanos de frontera a los habitantes del departamento.<\/p>\n<p>Creaci\u00f3n de zonas de integraci\u00f3n fronteriza.<\/p>\n<p>Revivir la Asamblea Fronteriza.<\/p>\n<p>Gestionar la construcci\u00f3n de la terminal binacional.<\/p>\n<p>Estrategia de fronteras terrestres y mar\u00edtimas para activar instrumentos binacionales.<\/p>\n<p>Tambi\u00e9n tiene propuestas en turismo, empresa, v\u00edas para la vida, de la ruralidad para la ciudad, educaci\u00f3n, deporte, arte, cultura y patrimonio, salud, vivienda, servicios p\u00fablicos, seguridad, paz y poblaci\u00f3n vulnerable<\/p>\n","protected":false},"excerpt":{"rendered":"<p>C\u00daCUTA.- El licenciado en ciencias sociales Ram\u00f3n T\u00e1mara cree que la responsabilidad del cambio en el departamento es exclusivamente de los nortesantandereanos, a quienes les corresponde determinar el camino que abrir\u00e1 el sendero del progreso. \u201cEstoy realmente convencido de que nuestro departamento necesita un cambio, requiere ser gobernado con un enfoque progresista donde se le &hellip;<\/p>\n","protected":false},"author":1,"featured_media":39287,"comment_status":"open","ping_status":"open","sticky":false,"template":"","format":"standard","meta":{"footnotes":""},"categories":[4,9],"tags":[2053,2473],"class_list":["post-39284","post","type-post","status-publish","format-standard","has-post-thumbnail","hentry","category-barra","category-politica","tag-candidatos-a-la-gobernacion-de-norte-de-santander","tag-ramon-tamara"],"_links":{"self":[{"href":"https:\/\/contraluzcucuta.co\/index.php?rest_route=\/wp\/v2\/posts\/39284","targetHints":{"allow":["GET"]}}],"collection":[{"href":"https:\/\/contraluzcucuta.co\/index.php?rest_route=\/wp\/v2\/posts"}],"about":[{"href":"https:\/\/contraluzcucuta.co\/index.php?rest_route=\/wp\/v2\/types\/post"}],"author":[{"embeddable":true,"href":"https:\/\/contraluzcucuta.co\/index.php?rest_route=\/wp\/v2\/users\/1"}],"replies":[{"embeddable":true,"href":"https:\/\/contraluzcucuta.co\/index.php?rest_route=%2Fwp%2Fv2%2Fcomments&post=39284"}],"version-history":[{"count":3,"href":"https:\/\/contraluzcucuta.co\/index.php?rest_route=\/wp\/v2\/posts\/39284\/revisions"}],"predecessor-version":[{"id":39289,"href":"https:\/\/contraluzcucuta.co\/index.php?rest_route=\/wp\/v2\/posts\/39284\/revisions\/39289"}],"wp:featuredmedia":[{"embeddable":true,"href":"https:\/\/contraluzcucuta.co\/index.php?rest_route=\/wp\/v2\/media\/39287"}],"wp:attachment":[{"href":"https:\/\/contraluzcucuta.co\/index.php?rest_route=%2Fwp%2Fv2%2Fmedia&parent=39284"}],"wp:term":[{"taxonomy":"category","embeddable":true,"href":"https:\/\/contraluzcucuta.co\/index.php?rest_route=%2Fwp%2Fv2%2Fcategories&post=39284"},{"taxonomy":"post_tag","embeddable":true,"href":"https:\/\/contraluzcucuta.co\/index.php?rest_route=%2Fwp%2Fv2%2Ftags&post=39284"}],"curies":[{"name":"wp","href":"https:\/\/api.w.org\/{rel}","templated":true}]}}