{"id":39276,"date":"2023-10-14T10:58:24","date_gmt":"2023-10-14T15:58:24","guid":{"rendered":"https:\/\/contraluzcucuta.co\/?p=39276"},"modified":"2023-10-14T10:59:34","modified_gmt":"2023-10-14T15:59:34","slug":"decreto-1640-los-decretos-no-traen-la-paz-ex-general-paulino-coronado","status":"publish","type":"post","link":"https:\/\/contraluzcucuta.co\/?p=39276","title":{"rendered":"DECRETO 1640. Los decretos no traen la paz: ex general Paulino Coronado"},"content":{"rendered":"<p style=\"padding-left: 40px; text-align: right;\"><strong><span style=\"color: #ff9900;\">C\u00daCUTA.- Tib\u00fa sirvi\u00f3 como sede de la mesa formal de di\u00e1logo entre el Gobierno y el Estado Mayor Central FARC- EP. En la reuni\u00f3n se acord\u00f3 el cese al fuego bilateral. Luego, mediante el Decreto 1640, se orden\u00f3 la suspensi\u00f3n de operaciones militares ofensivas y las operaciones de la Polic\u00eda.<\/span><\/strong><\/p>\n<p>El ex general Paulino Coronado analiza los alcances de la norma.<\/p>\n<figure id=\"attachment_39280\" aria-describedby=\"caption-attachment-39280\" style=\"width: 300px\" class=\"wp-caption alignleft\"><a href=\"https:\/\/contraluzcucuta.co\/wp-content\/uploads\/2023\/10\/PAULINO-CORONADO-2.jpeg\"><img loading=\"lazy\" decoding=\"async\" class=\"size-medium wp-image-39280\" src=\"https:\/\/contraluzcucuta.co\/wp-content\/uploads\/2023\/10\/PAULINO-CORONADO-2-300x169.jpeg\" alt=\"\" width=\"300\" height=\"169\" srcset=\"https:\/\/contraluzcucuta.co\/wp-content\/uploads\/2023\/10\/PAULINO-CORONADO-2-300x169.jpeg 300w, https:\/\/contraluzcucuta.co\/wp-content\/uploads\/2023\/10\/PAULINO-CORONADO-2-600x337.jpeg 600w, https:\/\/contraluzcucuta.co\/wp-content\/uploads\/2023\/10\/PAULINO-CORONADO-2-1024x575.jpeg 1024w, https:\/\/contraluzcucuta.co\/wp-content\/uploads\/2023\/10\/PAULINO-CORONADO-2-768x432.jpeg 768w, https:\/\/contraluzcucuta.co\/wp-content\/uploads\/2023\/10\/PAULINO-CORONADO-2-1536x863.jpeg 1536w, https:\/\/contraluzcucuta.co\/wp-content\/uploads\/2023\/10\/PAULINO-CORONADO-2.jpeg 1600w\" sizes=\"auto, (max-width: 300px) 100vw, 300px\" \/><\/a><figcaption id=\"caption-attachment-39280\" class=\"wp-caption-text\">Foto: Archivo personal<\/figcaption><\/figure>\n<ol>\n<li><strong> \u00bfEst\u00e1 de acuerdo con el cese al fuego y suspensi\u00f3n de las operaciones militares y ofensivas?<\/strong><\/li>\n<\/ol>\n<p>Entiendo que esta es una condici\u00f3n definida y aprobada por las partes, de lo contrario ser\u00eda como se hizo en el proceso del Cagu\u00e1n y al inicio de las negociaciones en La Habana, \u201cbajo el fuego\u201d.<\/p>\n<p>Esta condici\u00f3n, para m\u00ed, es mucho m\u00e1s favorable para avanzar en el proceso de di\u00e1logo. Lo dif\u00edcil es la verificaci\u00f3n, porque hay diferentes estructuras y posturas que est\u00e1n en la misma \u00e1rea.<\/p>\n<ol start=\"2\">\n<li><strong> \u00bfEsa ser\u00e1 la salida al conflicto con este grupo armado?<\/strong><\/li>\n<\/ol>\n<p>Una sola estructura que deje de actuar es un avance en este prop\u00f3sito, en el que el ganador es el pueblo. No se puede perder de vista que la guerra no la ganan ni la pierden los ej\u00e9rcitos, la gana o la pierde el pueblo.<\/p>\n<p>Ganan El Catatumbo, C\u00facuta, Norte de Santander y la zona binacional.<\/p>\n<figure id=\"attachment_39278\" aria-describedby=\"caption-attachment-39278\" style=\"width: 229px\" class=\"wp-caption alignleft\"><a href=\"https:\/\/contraluzcucuta.co\/wp-content\/uploads\/2023\/10\/PAULINO-CORONADO-4.jpeg\"><img loading=\"lazy\" decoding=\"async\" class=\"size-medium wp-image-39278\" src=\"https:\/\/contraluzcucuta.co\/wp-content\/uploads\/2023\/10\/PAULINO-CORONADO-4-229x300.jpeg\" alt=\"\" width=\"229\" height=\"300\" srcset=\"https:\/\/contraluzcucuta.co\/wp-content\/uploads\/2023\/10\/PAULINO-CORONADO-4-229x300.jpeg 229w, https:\/\/contraluzcucuta.co\/wp-content\/uploads\/2023\/10\/PAULINO-CORONADO-4.jpeg 304w\" sizes=\"auto, (max-width: 229px) 100vw, 229px\" \/><\/a><figcaption id=\"caption-attachment-39278\" class=\"wp-caption-text\">Foto: Archivo personal<\/figcaption><\/figure>\n<ol start=\"3\">\n<li><strong> \u00bfNorte de Santander recuperar\u00e1 la tranquilidad con la firma del decreto?<\/strong><\/li>\n<\/ol>\n<p>Los acuerdos, las leyes o decretos no traen la paz. Esta se logra con la manifestaci\u00f3n sincera de los actores, con la voluntad de todos, comprendiendo que la convivencia pac\u00edfica depende de todos, no solo del Estado y de los grupos armados, sino de la totalidad de los residentes en la regi\u00f3n. Estos documentos son el punto de partida, pero en este prop\u00f3sito todos somos determinantes.<\/p>\n<ol start=\"4\">\n<li><strong> \u00bfQu\u00e9 queda por hacer para alcanzar la paz nacional? <\/strong><\/li>\n<\/ol>\n<p>Ante todo, entender que se ha intentado desde 1953, pas\u00f3 por Caloto (Cauca), en 1990, seguimos sucesivamente, pero no se logra, por lo mismo, depende de todos. Hay que demostrar la voluntad de reconciliarse y actuar consecuentemente en el proceso de construcci\u00f3n de este anhelo.<\/p>\n<p>Miremos con detenimiento, nos dan premio y dijimos que brillar\u00eda la paz y \u00bfqu\u00e9 paso?\u00a0 Un gran intento. Se silenciaron muchos fusiles. Ayud\u00f3 para tener las condiciones actuales, pero no fue suficiente, \u00bfqu\u00e9 falt\u00f3?<\/p>\n<p>Debemos revisar con mucho detenimiento lo caminado y no repetir en lo que se ha fallado. Creo que podemos tomar lo actuado como piloto, analicemos, pregunt\u00e9monos: \u00bfQu\u00e9 factor o factores no se abordaron? \u00bfHemos debido hacerlo con todos como ahora se plantea? \u00bfEntendemos o entendimos que no todo depende del orden pol\u00edtico, legal, social, econ\u00f3mico nacional? \u00bfAnalizamos o analicemos las econom\u00edas il\u00edcitas? \u00bfComprendemos que estas econom\u00edas il\u00edcitas requieren de una estructura armada para lograr sus intereses? \u00bfComprendemos que hay regiones, como la nuestra, que tiene una situaci\u00f3n geoestrat\u00e9gica codiciada?<\/p>\n<p>No es tarea f\u00e1cil ni r\u00e1pida. Abordando los problemas amplia, detallada, concretamente, y con verdadera voluntad de construcci\u00f3n de futuro, definimos soluciones para las nuevas generaciones.<\/p>\n","protected":false},"excerpt":{"rendered":"<p>C\u00daCUTA.- Tib\u00fa sirvi\u00f3 como sede de la mesa formal de di\u00e1logo entre el Gobierno y el Estado Mayor Central FARC- EP. En la reuni\u00f3n se acord\u00f3 el cese al fuego bilateral. Luego, mediante el Decreto 1640, se orden\u00f3 la suspensi\u00f3n de operaciones militares ofensivas y las operaciones de la Polic\u00eda. El ex general Paulino Coronado &hellip;<\/p>\n","protected":false},"author":1,"featured_media":39277,"comment_status":"open","ping_status":"open","sticky":false,"template":"","format":"standard","meta":{"footnotes":""},"categories":[11,4],"tags":[5754,5753,5752],"class_list":["post-39276","post","type-post","status-publish","format-standard","has-post-thumbnail","hentry","category-cronica-roja","category-barra","tag-cese-al-fuego","tag-decreto-1640","tag-ex-general-paulino-coronado"],"_links":{"self":[{"href":"https:\/\/contraluzcucuta.co\/index.php?rest_route=\/wp\/v2\/posts\/39276","targetHints":{"allow":["GET"]}}],"collection":[{"href":"https:\/\/contraluzcucuta.co\/index.php?rest_route=\/wp\/v2\/posts"}],"about":[{"href":"https:\/\/contraluzcucuta.co\/index.php?rest_route=\/wp\/v2\/types\/post"}],"author":[{"embeddable":true,"href":"https:\/\/contraluzcucuta.co\/index.php?rest_route=\/wp\/v2\/users\/1"}],"replies":[{"embeddable":true,"href":"https:\/\/contraluzcucuta.co\/index.php?rest_route=%2Fwp%2Fv2%2Fcomments&post=39276"}],"version-history":[{"count":3,"href":"https:\/\/contraluzcucuta.co\/index.php?rest_route=\/wp\/v2\/posts\/39276\/revisions"}],"predecessor-version":[{"id":39282,"href":"https:\/\/contraluzcucuta.co\/index.php?rest_route=\/wp\/v2\/posts\/39276\/revisions\/39282"}],"wp:featuredmedia":[{"embeddable":true,"href":"https:\/\/contraluzcucuta.co\/index.php?rest_route=\/wp\/v2\/media\/39277"}],"wp:attachment":[{"href":"https:\/\/contraluzcucuta.co\/index.php?rest_route=%2Fwp%2Fv2%2Fmedia&parent=39276"}],"wp:term":[{"taxonomy":"category","embeddable":true,"href":"https:\/\/contraluzcucuta.co\/index.php?rest_route=%2Fwp%2Fv2%2Fcategories&post=39276"},{"taxonomy":"post_tag","embeddable":true,"href":"https:\/\/contraluzcucuta.co\/index.php?rest_route=%2Fwp%2Fv2%2Ftags&post=39276"}],"curies":[{"name":"wp","href":"https:\/\/api.w.org\/{rel}","templated":true}]}}