{"id":39273,"date":"2023-10-14T10:47:24","date_gmt":"2023-10-14T15:47:24","guid":{"rendered":"https:\/\/contraluzcucuta.co\/?p=39273"},"modified":"2023-10-14T10:47:24","modified_gmt":"2023-10-14T15:47:24","slug":"monsenor-mario-moronta-la-iglesia-en-el-tachira-no-esta-escondida-en-las-sacristias","status":"publish","type":"post","link":"https:\/\/contraluzcucuta.co\/?p=39273","title":{"rendered":"MONSE\u00d1OR MARIO MORONTA. La Iglesia en el T\u00e1chira no est\u00e1 escondida en las sacrist\u00edas"},"content":{"rendered":"<p style=\"padding-left: 40px; text-align: right;\"><strong><span style=\"color: #ff9900;\">SAN CRIST\u00d3BAL \u2013 Venezuela.- La Iglesia en el T\u00e1chira no es Iglesia escondida en las sacrist\u00edas o temerosa por dejarse ver, dijo monse\u00f1or Mario Moronta, obispo de San Crist\u00f3bal (Venezuela). La afirmaci\u00f3n la hizo en la celebraci\u00f3n de los 101 a\u00f1os de la Di\u00f3cesis de San Crist\u00f3bal, el 12 de octubre.<\/span><\/strong><\/p>\n<p>\u201cAl contrario, hemos asumido lo que Francisco nos ha pedido: una Iglesia en salida. Y all\u00ed estamos, en la calle, en los campos, en las escuelas y universidades, donde hay sufrimientos y alegr\u00edas, en las f\u00e1bricas\u201d.<\/p>\n<p>Se\u00f1al\u00f3 que contin\u00faan el acompa\u00f1amiento a los migrantes y con los hermanos de Colombia \u201cconstruimos el verdadero puente, de la solidaridad y de la fraternidad, pues para la Iglesia, madre de todos, no hay frontera\u201d.<\/p>\n<p>Monse\u00f1or describi\u00f3 el camino y la esencia de la Di\u00f3cesis como la labor humilde, amorosa del Pueblo de Dios. Concluy\u00f3 el mensaje con la profesi\u00f3n de amor a la Iglesia centenaria: \u201cTe quiero porque tus manos trabajan por la justicia, por tu mirada que siembra futuro y esperanza, porque gritas con rebeld\u00eda la Palabra de vida eterna, porque eres pueblo\u201d.<\/p>\n<p>El papa Francisco envi\u00f3 una bendici\u00f3n especial a la Di\u00f3cesis y un solideo bendecido para ofrecerlo y exhibirlo perenemente a los pies de la imagen de Nuestra Se\u00f1ora de La Consolaci\u00f3n.<\/p>\n","protected":false},"excerpt":{"rendered":"<p>SAN CRIST\u00d3BAL \u2013 Venezuela.- La Iglesia en el T\u00e1chira no es Iglesia escondida en las sacrist\u00edas o temerosa por dejarse ver, dijo monse\u00f1or Mario Moronta, obispo de San Crist\u00f3bal (Venezuela). La afirmaci\u00f3n la hizo en la celebraci\u00f3n de los 101 a\u00f1os de la Di\u00f3cesis de San Crist\u00f3bal, el 12 de octubre. \u201cAl contrario, hemos asumido &hellip;<\/p>\n","protected":false},"author":1,"featured_media":39274,"comment_status":"open","ping_status":"open","sticky":false,"template":"","format":"standard","meta":{"footnotes":""},"categories":[45,4],"tags":[1584,1331,2491],"class_list":["post-39273","post","type-post","status-publish","format-standard","has-post-thumbnail","hentry","category-destacado","category-barra","tag-diocesis-de-san-cristobal","tag-iglesia-catolica","tag-monsenor-mario-moronta"],"_links":{"self":[{"href":"https:\/\/contraluzcucuta.co\/index.php?rest_route=\/wp\/v2\/posts\/39273","targetHints":{"allow":["GET"]}}],"collection":[{"href":"https:\/\/contraluzcucuta.co\/index.php?rest_route=\/wp\/v2\/posts"}],"about":[{"href":"https:\/\/contraluzcucuta.co\/index.php?rest_route=\/wp\/v2\/types\/post"}],"author":[{"embeddable":true,"href":"https:\/\/contraluzcucuta.co\/index.php?rest_route=\/wp\/v2\/users\/1"}],"replies":[{"embeddable":true,"href":"https:\/\/contraluzcucuta.co\/index.php?rest_route=%2Fwp%2Fv2%2Fcomments&post=39273"}],"version-history":[{"count":1,"href":"https:\/\/contraluzcucuta.co\/index.php?rest_route=\/wp\/v2\/posts\/39273\/revisions"}],"predecessor-version":[{"id":39275,"href":"https:\/\/contraluzcucuta.co\/index.php?rest_route=\/wp\/v2\/posts\/39273\/revisions\/39275"}],"wp:featuredmedia":[{"embeddable":true,"href":"https:\/\/contraluzcucuta.co\/index.php?rest_route=\/wp\/v2\/media\/39274"}],"wp:attachment":[{"href":"https:\/\/contraluzcucuta.co\/index.php?rest_route=%2Fwp%2Fv2%2Fmedia&parent=39273"}],"wp:term":[{"taxonomy":"category","embeddable":true,"href":"https:\/\/contraluzcucuta.co\/index.php?rest_route=%2Fwp%2Fv2%2Fcategories&post=39273"},{"taxonomy":"post_tag","embeddable":true,"href":"https:\/\/contraluzcucuta.co\/index.php?rest_route=%2Fwp%2Fv2%2Ftags&post=39273"}],"curies":[{"name":"wp","href":"https:\/\/api.w.org\/{rel}","templated":true}]}}