{"id":39265,"date":"2023-10-12T04:54:41","date_gmt":"2023-10-12T09:54:41","guid":{"rendered":"https:\/\/contraluzcucuta.co\/?p=39265"},"modified":"2023-10-12T04:54:41","modified_gmt":"2023-10-12T09:54:41","slug":"candidatos-cucuta-segura-cucuta-sin-miedo-mario-figueroa","status":"publish","type":"post","link":"https:\/\/contraluzcucuta.co\/?p=39265","title":{"rendered":"CANDIDATOS. C\u00facuta segura, C\u00facuta sin miedo: Mario Figueroa"},"content":{"rendered":"<p style=\"padding-left: 40px; text-align: right;\"><strong><span style=\"color: #ff9900;\">C\u00daCUTA.- \u201cDesde las calles de Atalaya, hasta este momento, mi vida ha sido una prueba de que los or\u00edgenes no definen destinos. Cada obst\u00e1culo, cada carencia, se convirti\u00f3 en la fuerza que me impuls\u00f3 a superarme\u201d.<\/span><\/strong><\/p>\n<p>Quince propuestas para cambiar a C\u00facuta, propone el candidato a la Alcald\u00eda, Mario Figueroa Fern\u00e1ndez. Y tiene una \u00f1apa, donaci\u00f3n de tres hect\u00e1reas para construir el Centro de Rehabilitaci\u00f3n para los habitantes de calle.<\/p>\n<p><a href=\"https:\/\/contraluzcucuta.co\/wp-content\/uploads\/2023\/10\/MARIO-FIGUEROA-4.jpg\"><img loading=\"lazy\" decoding=\"async\" class=\"alignnone size-medium wp-image-39267 alignleft\" src=\"https:\/\/contraluzcucuta.co\/wp-content\/uploads\/2023\/10\/MARIO-FIGUEROA-4-300x226.jpg\" alt=\"\" width=\"300\" height=\"226\" srcset=\"https:\/\/contraluzcucuta.co\/wp-content\/uploads\/2023\/10\/MARIO-FIGUEROA-4-300x226.jpg 300w, https:\/\/contraluzcucuta.co\/wp-content\/uploads\/2023\/10\/MARIO-FIGUEROA-4-600x452.jpg 600w, https:\/\/contraluzcucuta.co\/wp-content\/uploads\/2023\/10\/MARIO-FIGUEROA-4-1024x771.jpg 1024w, https:\/\/contraluzcucuta.co\/wp-content\/uploads\/2023\/10\/MARIO-FIGUEROA-4-768x578.jpg 768w, https:\/\/contraluzcucuta.co\/wp-content\/uploads\/2023\/10\/MARIO-FIGUEROA-4-1536x1157.jpg 1536w, https:\/\/contraluzcucuta.co\/wp-content\/uploads\/2023\/10\/MARIO-FIGUEROA-4.jpg 2048w\" sizes=\"auto, (max-width: 300px) 100vw, 300px\" \/><\/a><\/p>\n<ol>\n<li>Movilidad educativa de calidad y gratuita<\/li>\n<li>Programas de aceleraci\u00f3n de aprendizaje escolar<\/li>\n<li>Recuperaci\u00f3n de la educaci\u00f3n p\u00fablica contra la deserci\u00f3n estudiantil<\/li>\n<li>Transporte y movilidad por el cambio. Creaci\u00f3n del transporte multimodal<\/li>\n<li>Renovaci\u00f3n del estadio General Santander<\/li>\n<li>Organizaci\u00f3n del uso de suelos. Adecuaci\u00f3n y mejoramiento de los vendedores ambulantes y Central de Transportes con alianzas p\u00fablico privadas<\/li>\n<li>M\u00ednimo vital en los servicios p\u00fablicos de agua, aseo, energ\u00eda, gas e internet para estratos 1 y 2<\/li>\n<li>Creaci\u00f3n de la secretar\u00eda Agroindustrial. Ayuda al campesino y tecnificaci\u00f3n de los productos<\/li>\n<li>Beneficios tributarios para los empresarios. Exoneraci\u00f3n de impuestos para la creaci\u00f3n de empleos.<\/li>\n<li>Implementaci\u00f3n del proyecto instituciones educativas \u2018La droga da\u00f1a tus sue\u00f1os\u2019. C\u00e1tedra manejo de sustancias sicoactivas<\/li>\n<li>Creaci\u00f3n del centro de atenci\u00f3n para los animales hu\u00e9rfanos<\/li>\n<li>Creaci\u00f3n del grupo de apoyo de movilidad y seguridad vial \u2018Alf\u00e9rez de Tr\u00e1nsito\u2019<\/li>\n<li>Creaci\u00f3n de centros hogares por comunas para adultos mayores<\/li>\n<li>Seguridad con nuevas herramientas tecnol\u00f3gicas. Creaci\u00f3n de la red de cooperantes \u2018Fuerza amarilla\u2019<\/li>\n<\/ol>\n<ul>\n<li>C\u00facuta legal, legalizaci\u00f3n de predios para aprovechamiento de subsidios para mejoramiento de vivienda<\/li>\n<\/ul>\n<ol start=\"16\">\n<li>Recuperaci\u00f3n de la malla vial en convenio con los empresarios. Garantizar el acceso del transporte p\u00fablico a todos los barrios.<\/li>\n<\/ol>\n","protected":false},"excerpt":{"rendered":"<p>C\u00daCUTA.- \u201cDesde las calles de Atalaya, hasta este momento, mi vida ha sido una prueba de que los or\u00edgenes no definen destinos. Cada obst\u00e1culo, cada carencia, se convirti\u00f3 en la fuerza que me impuls\u00f3 a superarme\u201d. Quince propuestas para cambiar a C\u00facuta, propone el candidato a la Alcald\u00eda, Mario Figueroa Fern\u00e1ndez. Y tiene una \u00f1apa, &hellip;<\/p>\n","protected":false},"author":1,"featured_media":39266,"comment_status":"open","ping_status":"open","sticky":false,"template":"","format":"standard","meta":{"footnotes":""},"categories":[4,9],"tags":[2206,5750],"class_list":["post-39265","post","type-post","status-publish","format-standard","has-post-thumbnail","hentry","category-barra","category-politica","tag-candidatos-a-la-alcadia-de-cucuta","tag-mario-figueroa"],"_links":{"self":[{"href":"https:\/\/contraluzcucuta.co\/index.php?rest_route=\/wp\/v2\/posts\/39265","targetHints":{"allow":["GET"]}}],"collection":[{"href":"https:\/\/contraluzcucuta.co\/index.php?rest_route=\/wp\/v2\/posts"}],"about":[{"href":"https:\/\/contraluzcucuta.co\/index.php?rest_route=\/wp\/v2\/types\/post"}],"author":[{"embeddable":true,"href":"https:\/\/contraluzcucuta.co\/index.php?rest_route=\/wp\/v2\/users\/1"}],"replies":[{"embeddable":true,"href":"https:\/\/contraluzcucuta.co\/index.php?rest_route=%2Fwp%2Fv2%2Fcomments&post=39265"}],"version-history":[{"count":1,"href":"https:\/\/contraluzcucuta.co\/index.php?rest_route=\/wp\/v2\/posts\/39265\/revisions"}],"predecessor-version":[{"id":39268,"href":"https:\/\/contraluzcucuta.co\/index.php?rest_route=\/wp\/v2\/posts\/39265\/revisions\/39268"}],"wp:featuredmedia":[{"embeddable":true,"href":"https:\/\/contraluzcucuta.co\/index.php?rest_route=\/wp\/v2\/media\/39266"}],"wp:attachment":[{"href":"https:\/\/contraluzcucuta.co\/index.php?rest_route=%2Fwp%2Fv2%2Fmedia&parent=39265"}],"wp:term":[{"taxonomy":"category","embeddable":true,"href":"https:\/\/contraluzcucuta.co\/index.php?rest_route=%2Fwp%2Fv2%2Fcategories&post=39265"},{"taxonomy":"post_tag","embeddable":true,"href":"https:\/\/contraluzcucuta.co\/index.php?rest_route=%2Fwp%2Fv2%2Ftags&post=39265"}],"curies":[{"name":"wp","href":"https:\/\/api.w.org\/{rel}","templated":true}]}}