{"id":39261,"date":"2023-10-12T04:42:12","date_gmt":"2023-10-12T09:42:12","guid":{"rendered":"https:\/\/contraluzcucuta.co\/?p=39261"},"modified":"2023-10-12T04:42:12","modified_gmt":"2023-10-12T09:42:12","slug":"rehabilitacion-en-el-malecon-habitantes-de-calle-causantes-de-inseguridad","status":"publish","type":"post","link":"https:\/\/contraluzcucuta.co\/?p=39261","title":{"rendered":"REHABILITACI\u00d3N EN EL MALEC\u00d3N. Habitantes de calle, causantes de inseguridad"},"content":{"rendered":"<p style=\"padding-left: 40px; text-align: right;\"><strong><span style=\"color: #ff9900;\">C\u00daCUTA.- Los constantes hurtos y atracos, la presencia de habitantes de calle y la oscuridad se juntan para hacer de El Malec\u00f3n un lugar inseguro y que mete miedo al recorrerlo bajo la luz del d\u00eda o las tinieblas de la noche. De esta situaci\u00f3n son conscientes comerciantes y agentes de la polic\u00eda.<\/span><\/strong><\/p>\n<p>En reciente reuni\u00f3n con funcionarios municipales para socializar el proyecto de rehabilitaci\u00f3n del separador, sali\u00f3 a flote el problema de falta de garant\u00edas para transitar por este sector cucute\u00f1o. Como parte de la soluci\u00f3n surgi\u00f3 la conformaci\u00f3n del Frente de Seguridad, si hay compromiso de las partes afectadas.<\/p>\n<p>El subintendente Rub\u00e9n Prieto, de participaci\u00f3n ciudadana de la instituci\u00f3n, dijo que como comunidad debe asumirse el compromiso de la denuncia de quienes cometen hurtos o infringen las normas de seguridad. \u201cLo m\u00ednimo que podemos hacer es informar a la Polic\u00eda, para que acuda al llamado\u201d.<\/p>\n<p>En El Malec\u00f3n, zona netamente comercial, nunca se ha creado el Frente de Seguridad para contrarrestar el \u00edndice delictivo. Uno de los tramos identificados como inseguros, seg\u00fan el uniformado, est\u00e1 entre el restaurante Rodizio y el puente El\u00edas M. Soto. \u201cEs una zona donde se cometen hurtos por la oscuridad del sector\u201d.<\/p>\n<p><a href=\"https:\/\/contraluzcucuta.co\/wp-content\/uploads\/2023\/10\/MALECON-11.jpeg\"><img loading=\"lazy\" decoding=\"async\" class=\"alignnone size-medium wp-image-39263 alignleft\" src=\"https:\/\/contraluzcucuta.co\/wp-content\/uploads\/2023\/10\/MALECON-11-300x225.jpeg\" alt=\"\" width=\"300\" height=\"225\" srcset=\"https:\/\/contraluzcucuta.co\/wp-content\/uploads\/2023\/10\/MALECON-11-300x225.jpeg 300w, https:\/\/contraluzcucuta.co\/wp-content\/uploads\/2023\/10\/MALECON-11-600x450.jpeg 600w, https:\/\/contraluzcucuta.co\/wp-content\/uploads\/2023\/10\/MALECON-11-1024x768.jpeg 1024w, https:\/\/contraluzcucuta.co\/wp-content\/uploads\/2023\/10\/MALECON-11-768x576.jpeg 768w, https:\/\/contraluzcucuta.co\/wp-content\/uploads\/2023\/10\/MALECON-11-1536x1152.jpeg 1536w, https:\/\/contraluzcucuta.co\/wp-content\/uploads\/2023\/10\/MALECON-11.jpeg 1600w\" sizes=\"auto, (max-width: 300px) 100vw, 300px\" \/><\/a><\/p>\n<p>Las reuniones para conformar el grupo de trabajo se har\u00e1n de manera descentralizada y por sectores, se instalar\u00e1n sistemas de alarma que ayuden a generar un p\u00e1nico que sea recibido por la central de la Polic\u00eda Metropolitana para que el cuadrante haga el trabajo efectivo.<\/p>\n<p>El comandante del CAI Brice\u00f1o, intendente Pedro Rinc\u00f3n, inst\u00f3 a los asistentes a ayudar a conservar y a mantener las obras. \u201cLa seguridad empieza a partir de ustedes, con ayuda de nosotros\u201d.<\/p>\n<p>En la Avenida Los Libertados hay presencia de dos cuadrantes, uno va del puente El\u00edas M. Soto al CAI Brice\u00f1o y otro, de la cl\u00ednica al CAI Niza. En ese recorrido, los polic\u00edas se encuentran a diario con el problema de los habitantes de calle que deambulan por la v\u00eda y los que pernoctan en la ribera del Pamplonita, por detr\u00e1s de la Medical Duarte. \u201cLa seguridad es tema de todos\u201d, dijo el intendente Pedro Rinc\u00f3n.<\/p>\n","protected":false},"excerpt":{"rendered":"<p>C\u00daCUTA.- Los constantes hurtos y atracos, la presencia de habitantes de calle y la oscuridad se juntan para hacer de El Malec\u00f3n un lugar inseguro y que mete miedo al recorrerlo bajo la luz del d\u00eda o las tinieblas de la noche. De esta situaci\u00f3n son conscientes comerciantes y agentes de la polic\u00eda. En reciente &hellip;<\/p>\n","protected":false},"author":1,"featured_media":39262,"comment_status":"open","ping_status":"open","sticky":false,"template":"","format":"standard","meta":{"footnotes":""},"categories":[4,36],"tags":[3294,2953],"class_list":["post-39261","post","type-post","status-publish","format-standard","has-post-thumbnail","hentry","category-barra","category-la-voz-del-pueblo","tag-el-malecon-cucuta","tag-habitantes-de-calle"],"_links":{"self":[{"href":"https:\/\/contraluzcucuta.co\/index.php?rest_route=\/wp\/v2\/posts\/39261","targetHints":{"allow":["GET"]}}],"collection":[{"href":"https:\/\/contraluzcucuta.co\/index.php?rest_route=\/wp\/v2\/posts"}],"about":[{"href":"https:\/\/contraluzcucuta.co\/index.php?rest_route=\/wp\/v2\/types\/post"}],"author":[{"embeddable":true,"href":"https:\/\/contraluzcucuta.co\/index.php?rest_route=\/wp\/v2\/users\/1"}],"replies":[{"embeddable":true,"href":"https:\/\/contraluzcucuta.co\/index.php?rest_route=%2Fwp%2Fv2%2Fcomments&post=39261"}],"version-history":[{"count":1,"href":"https:\/\/contraluzcucuta.co\/index.php?rest_route=\/wp\/v2\/posts\/39261\/revisions"}],"predecessor-version":[{"id":39264,"href":"https:\/\/contraluzcucuta.co\/index.php?rest_route=\/wp\/v2\/posts\/39261\/revisions\/39264"}],"wp:featuredmedia":[{"embeddable":true,"href":"https:\/\/contraluzcucuta.co\/index.php?rest_route=\/wp\/v2\/media\/39262"}],"wp:attachment":[{"href":"https:\/\/contraluzcucuta.co\/index.php?rest_route=%2Fwp%2Fv2%2Fmedia&parent=39261"}],"wp:term":[{"taxonomy":"category","embeddable":true,"href":"https:\/\/contraluzcucuta.co\/index.php?rest_route=%2Fwp%2Fv2%2Fcategories&post=39261"},{"taxonomy":"post_tag","embeddable":true,"href":"https:\/\/contraluzcucuta.co\/index.php?rest_route=%2Fwp%2Fv2%2Ftags&post=39261"}],"curies":[{"name":"wp","href":"https:\/\/api.w.org\/{rel}","templated":true}]}}