{"id":39250,"date":"2023-10-10T20:00:34","date_gmt":"2023-10-11T01:00:34","guid":{"rendered":"https:\/\/contraluzcucuta.co\/?p=39250"},"modified":"2023-10-10T20:00:34","modified_gmt":"2023-10-11T01:00:34","slug":"candidatos-cucuta-tiene-remedio-david-fajardo","status":"publish","type":"post","link":"https:\/\/contraluzcucuta.co\/?p=39250","title":{"rendered":"CANDIDATOS. C\u00facuta tiene remedio: David Fajardo"},"content":{"rendered":"<p><strong>C\u00daCUTA.-<\/strong> Trabajar con transparencia y entregar el coraz\u00f3n por C\u00facuta son dos prop\u00f3sitos del candidato a la alcald\u00eda David Fajardo. Como cucute\u00f1o, exige el cambio en la administraci\u00f3n de la ciudad para renovar a quienes toman las decisiones desde el Palacio Municipal.<\/p>\n<p>\u201cMi aspiraci\u00f3n a la Alcald\u00eda de C\u00facuta surge desde lo m\u00e1s profundo de mi ser, con una propuesta honesta y cargada de esperanza, para evitar que nos roben el presente y el futuro, para que no nos arrebaten las oportunidades ni la esperanza en medio de la violencia y la falta de igualdad\u201d.<\/p>\n<p>Para cumplir este anhelo, Fajardo Granados trabajar\u00e1 con los principios de alteridad, liderazgo, transparencia, respeto y concertaci\u00f3n. Y plantea las l\u00edneas estrat\u00e9gicas que pondr\u00e1 en marcha desde su gobierno.<\/p>\n<p><a href=\"https:\/\/contraluzcucuta.co\/wp-content\/uploads\/2023\/10\/DAVID-FAJARDO-3.jpg\"><img loading=\"lazy\" decoding=\"async\" class=\"alignnone size-medium wp-image-39252 alignleft\" src=\"https:\/\/contraluzcucuta.co\/wp-content\/uploads\/2023\/10\/DAVID-FAJARDO-3-241x300.jpg\" alt=\"\" width=\"241\" height=\"300\" srcset=\"https:\/\/contraluzcucuta.co\/wp-content\/uploads\/2023\/10\/DAVID-FAJARDO-3-241x300.jpg 241w, https:\/\/contraluzcucuta.co\/wp-content\/uploads\/2023\/10\/DAVID-FAJARDO-3-600x748.jpg 600w, https:\/\/contraluzcucuta.co\/wp-content\/uploads\/2023\/10\/DAVID-FAJARDO-3-821x1024.jpg 821w, https:\/\/contraluzcucuta.co\/wp-content\/uploads\/2023\/10\/DAVID-FAJARDO-3-768x957.jpg 768w, https:\/\/contraluzcucuta.co\/wp-content\/uploads\/2023\/10\/DAVID-FAJARDO-3-1232x1536.jpg 1232w, https:\/\/contraluzcucuta.co\/wp-content\/uploads\/2023\/10\/DAVID-FAJARDO-3.jpg 1440w\" sizes=\"auto, (max-width: 241px) 100vw, 241px\" \/><\/a><\/p>\n<ol>\n<li>C\u00facuta metr\u00f3poli saludable<\/li>\n<\/ol>\n<p>&#8211; M\u00e1s all\u00e1 de los consultorios. Entre la ciudadan\u00eda y la administraci\u00f3n municipal se desarrollar\u00e1 el sistema de salud que la ciudad y la frontera necesitan, y en el que, desde los barrios y los hogares, se prevengan y resuelvan las necesidades de salud de la poblaci\u00f3n.<\/p>\n<ul>\n<li>Ciudadan\u00eda en movimiento. El deporte ser\u00e1 una herramienta esencial para la construcci\u00f3n de cultura ciudadana y de habilidades propias para el siglo XXI.<\/li>\n<li>Protecci\u00f3n animal: no los perdamos, integr\u00e9moslos. es necesario que C\u00facuta tenga el instituto de bienestar y protecci\u00f3n animal.<\/li>\n<\/ul>\n<ol start=\"2\">\n<li>Conexi\u00f3n ciudad-ruralidad: ambientes saludables<\/li>\n<\/ol>\n<p>&#8211; Territorios autosostenibles. La ciudad tambi\u00e9n debe enfocar sus esfuerzos hacia el acceso al agua potable, saneamiento b\u00e1sico, acceso a vivienda y ordenamiento territorial coherente con el cuidado del ambiente.<\/p>\n<ol start=\"3\">\n<li>Reviviendo la cultura<\/li>\n<\/ol>\n<p>&#8211; Feria de C\u00facuta con enfoque c\u00edvico<\/p>\n<p>&#8211; Transformaci\u00f3n a partir del arte y la lectura<\/p>\n<p>&#8211; Bibliotecas y programas de lectura<\/p>\n<p>&#8211; Circuito cultural de C\u00facuta y el \u00c1rea Metropolitana<\/p>\n<p><a href=\"https:\/\/contraluzcucuta.co\/wp-content\/uploads\/2023\/10\/DAVID-FAJARDO-2.jpg\"><img loading=\"lazy\" decoding=\"async\" class=\"alignnone size-medium wp-image-39253 alignleft\" src=\"https:\/\/contraluzcucuta.co\/wp-content\/uploads\/2023\/10\/DAVID-FAJARDO-2-225x300.jpg\" alt=\"\" width=\"225\" height=\"300\" srcset=\"https:\/\/contraluzcucuta.co\/wp-content\/uploads\/2023\/10\/DAVID-FAJARDO-2-225x300.jpg 225w, https:\/\/contraluzcucuta.co\/wp-content\/uploads\/2023\/10\/DAVID-FAJARDO-2.jpg 526w\" sizes=\"auto, (max-width: 225px) 100vw, 225px\" \/><\/a><\/p>\n<ol start=\"4\">\n<li>Orden contra la inseguridad<\/li>\n<\/ol>\n<p>&#8211; Rutas seguras para la juventud y la ni\u00f1ez<\/p>\n<p>&#8211; Causas de la inseguridad: falta de oportunidades en educaci\u00f3n y empleo para los j\u00f3venes, abandono de los espacios y grupos culturales, falta de estrategias de cultura ciudadana, n\u00famero de polic\u00edas es insuficiente, desarticulaci\u00f3n en el<\/p>\n<p>trabajo entre la fuerza p\u00fablica y la administraci\u00f3n municipal, narcotr\u00e1fico, situaci\u00f3n especial de ciudad fronteriza, incapacidad del aparato judicial, falta de una c\u00e1rcel municipal, espacios p\u00fablicos inseguros y carencia de proyectos de seguridad.<\/p>\n","protected":false},"excerpt":{"rendered":"<p>C\u00daCUTA.- Trabajar con transparencia y entregar el coraz\u00f3n por C\u00facuta son dos prop\u00f3sitos del candidato a la alcald\u00eda David Fajardo. Como cucute\u00f1o, exige el cambio en la administraci\u00f3n de la ciudad para renovar a quienes toman las decisiones desde el Palacio Municipal. \u201cMi aspiraci\u00f3n a la Alcald\u00eda de C\u00facuta surge desde lo m\u00e1s profundo de &hellip;<\/p>\n","protected":false},"author":1,"featured_media":39251,"comment_status":"open","ping_status":"open","sticky":false,"template":"","format":"standard","meta":{"footnotes":""},"categories":[4,9],"tags":[2224,5749],"class_list":["post-39250","post","type-post","status-publish","format-standard","has-post-thumbnail","hentry","category-barra","category-politica","tag-candidatos-a-la-alcaldia-de-cucuta","tag-david-fajardo"],"_links":{"self":[{"href":"https:\/\/contraluzcucuta.co\/index.php?rest_route=\/wp\/v2\/posts\/39250","targetHints":{"allow":["GET"]}}],"collection":[{"href":"https:\/\/contraluzcucuta.co\/index.php?rest_route=\/wp\/v2\/posts"}],"about":[{"href":"https:\/\/contraluzcucuta.co\/index.php?rest_route=\/wp\/v2\/types\/post"}],"author":[{"embeddable":true,"href":"https:\/\/contraluzcucuta.co\/index.php?rest_route=\/wp\/v2\/users\/1"}],"replies":[{"embeddable":true,"href":"https:\/\/contraluzcucuta.co\/index.php?rest_route=%2Fwp%2Fv2%2Fcomments&post=39250"}],"version-history":[{"count":1,"href":"https:\/\/contraluzcucuta.co\/index.php?rest_route=\/wp\/v2\/posts\/39250\/revisions"}],"predecessor-version":[{"id":39254,"href":"https:\/\/contraluzcucuta.co\/index.php?rest_route=\/wp\/v2\/posts\/39250\/revisions\/39254"}],"wp:featuredmedia":[{"embeddable":true,"href":"https:\/\/contraluzcucuta.co\/index.php?rest_route=\/wp\/v2\/media\/39251"}],"wp:attachment":[{"href":"https:\/\/contraluzcucuta.co\/index.php?rest_route=%2Fwp%2Fv2%2Fmedia&parent=39250"}],"wp:term":[{"taxonomy":"category","embeddable":true,"href":"https:\/\/contraluzcucuta.co\/index.php?rest_route=%2Fwp%2Fv2%2Fcategories&post=39250"},{"taxonomy":"post_tag","embeddable":true,"href":"https:\/\/contraluzcucuta.co\/index.php?rest_route=%2Fwp%2Fv2%2Ftags&post=39250"}],"curies":[{"name":"wp","href":"https:\/\/api.w.org\/{rel}","templated":true}]}}