{"id":39242,"date":"2023-10-09T19:28:08","date_gmt":"2023-10-10T00:28:08","guid":{"rendered":"https:\/\/contraluzcucuta.co\/?p=39242"},"modified":"2023-10-09T19:29:09","modified_gmt":"2023-10-10T00:29:09","slug":"policia-metropolitana-vamos-a-trabajar-con-mano-dura-coronel-sandra-mora","status":"publish","type":"post","link":"https:\/\/contraluzcucuta.co\/?p=39242","title":{"rendered":"POLIC\u00cdA METROPOLITANA. Vamos a trabajar con mano dura: coronel Sandra Mora"},"content":{"rendered":"<p style=\"padding-left: 40px; text-align: right;\"><strong><span style=\"color: #ff9900;\">C\u00daCUTA.- La coronel Sandra Yaneth Mora, comandante de la Polic\u00eda Metropolitana de C\u00facuta, apareci\u00f3 por primera vez en p\u00fablico. Ocurri\u00f3 este lunes, en el parque Santander, en la izada de los s\u00edmbolos patrios. Y entreg\u00f3 mensajes para las autoridades pol\u00edtico-administrativas de la frontera, la comunidad, la delincuencia y los proveedores de drogas il\u00edcitas.<\/span><\/strong><\/p>\n<p>La oficial, a quien no le molesta que le digan \u2018la dama de hierro\u2019, en referencia al car\u00e1cter con el que maneja la situaci\u00f3n de orden p\u00fablico, no llega sin conocer lo que ocurre en la ciudad. En Bogot\u00e1 recibi\u00f3 informes acerca de la inseguridad, el multi crimen, el microtr\u00e1fico, el narcotr\u00e1fico y la frontera.<\/p>\n<p><a href=\"https:\/\/contraluzcucuta.co\/wp-content\/uploads\/2023\/10\/CORONEL-SANDRA-MORA-2.jpeg\"><img loading=\"lazy\" decoding=\"async\" class=\"alignnone size-medium wp-image-39244 alignleft\" src=\"https:\/\/contraluzcucuta.co\/wp-content\/uploads\/2023\/10\/CORONEL-SANDRA-MORA-2-300x200.jpeg\" alt=\"\" width=\"300\" height=\"200\" srcset=\"https:\/\/contraluzcucuta.co\/wp-content\/uploads\/2023\/10\/CORONEL-SANDRA-MORA-2-300x200.jpeg 300w, https:\/\/contraluzcucuta.co\/wp-content\/uploads\/2023\/10\/CORONEL-SANDRA-MORA-2-600x400.jpeg 600w, https:\/\/contraluzcucuta.co\/wp-content\/uploads\/2023\/10\/CORONEL-SANDRA-MORA-2-768x512.jpeg 768w, https:\/\/contraluzcucuta.co\/wp-content\/uploads\/2023\/10\/CORONEL-SANDRA-MORA-2.jpeg 1024w\" sizes=\"auto, (max-width: 300px) 100vw, 300px\" \/><\/a><\/p>\n<p>\u201cLos medios nos han permitido acercarnos estando en la distancia\u201d, dijo. Agreg\u00f3 que espera \u201cesta semana georreferenciar la informaci\u00f3n y empezar a trabajar mancomunadamente\u201d en los frentes que plantean los actores de la capital de Norte de Santander.<\/p>\n<p>Trae un mensaje de tranquilidad y de trabajo con todos, porque en la agenda de la inseguridad no solo le corresponde a la Polic\u00eda actuar. \u201cRequerimos de todos para que acompa\u00f1en la gesti\u00f3n del comando\u201d. Anunci\u00f3 una labor contundente contra las mafias y estar de la mano de las juntas comunales, porque son las que tienen la informaci\u00f3n buena.<\/p>\n<p>\u201cVamos a trabajar con mano dura. Por algo me llaman ustedes \u2018la dama de hierro\u2019\u201d, dijo.<\/p>\n","protected":false},"excerpt":{"rendered":"<p>C\u00daCUTA.- La coronel Sandra Yaneth Mora, comandante de la Polic\u00eda Metropolitana de C\u00facuta, apareci\u00f3 por primera vez en p\u00fablico. Ocurri\u00f3 este lunes, en el parque Santander, en la izada de los s\u00edmbolos patrios. Y entreg\u00f3 mensajes para las autoridades pol\u00edtico-administrativas de la frontera, la comunidad, la delincuencia y los proveedores de drogas il\u00edcitas. La oficial, &hellip;<\/p>\n","protected":false},"author":1,"featured_media":39243,"comment_status":"open","ping_status":"open","sticky":false,"template":"","format":"standard","meta":{"footnotes":""},"categories":[11,4],"tags":[5748,1477],"class_list":["post-39242","post","type-post","status-publish","format-standard","has-post-thumbnail","hentry","category-cronica-roja","category-barra","tag-coronel-sandra-mora","tag-policia-metropolitana-mecuc"],"_links":{"self":[{"href":"https:\/\/contraluzcucuta.co\/index.php?rest_route=\/wp\/v2\/posts\/39242","targetHints":{"allow":["GET"]}}],"collection":[{"href":"https:\/\/contraluzcucuta.co\/index.php?rest_route=\/wp\/v2\/posts"}],"about":[{"href":"https:\/\/contraluzcucuta.co\/index.php?rest_route=\/wp\/v2\/types\/post"}],"author":[{"embeddable":true,"href":"https:\/\/contraluzcucuta.co\/index.php?rest_route=\/wp\/v2\/users\/1"}],"replies":[{"embeddable":true,"href":"https:\/\/contraluzcucuta.co\/index.php?rest_route=%2Fwp%2Fv2%2Fcomments&post=39242"}],"version-history":[{"count":2,"href":"https:\/\/contraluzcucuta.co\/index.php?rest_route=\/wp\/v2\/posts\/39242\/revisions"}],"predecessor-version":[{"id":39246,"href":"https:\/\/contraluzcucuta.co\/index.php?rest_route=\/wp\/v2\/posts\/39242\/revisions\/39246"}],"wp:featuredmedia":[{"embeddable":true,"href":"https:\/\/contraluzcucuta.co\/index.php?rest_route=\/wp\/v2\/media\/39243"}],"wp:attachment":[{"href":"https:\/\/contraluzcucuta.co\/index.php?rest_route=%2Fwp%2Fv2%2Fmedia&parent=39242"}],"wp:term":[{"taxonomy":"category","embeddable":true,"href":"https:\/\/contraluzcucuta.co\/index.php?rest_route=%2Fwp%2Fv2%2Fcategories&post=39242"},{"taxonomy":"post_tag","embeddable":true,"href":"https:\/\/contraluzcucuta.co\/index.php?rest_route=%2Fwp%2Fv2%2Ftags&post=39242"}],"curies":[{"name":"wp","href":"https:\/\/api.w.org\/{rel}","templated":true}]}}