{"id":39238,"date":"2023-10-09T19:12:52","date_gmt":"2023-10-10T00:12:52","guid":{"rendered":"https:\/\/contraluzcucuta.co\/?p=39238"},"modified":"2023-10-09T19:12:52","modified_gmt":"2023-10-10T00:12:52","slug":"electro-universal-emprendimiento-familiar-que-se-consolida-en-cucuta","status":"publish","type":"post","link":"https:\/\/contraluzcucuta.co\/?p=39238","title":{"rendered":"ELECTRO UNIVERSAL. Emprendimiento familiar que se consolida en C\u00facuta"},"content":{"rendered":"<p style=\"padding-left: 40px; text-align: right;\"><strong><span style=\"color: #ff9900;\">C\u00daCUTA.- El sue\u00f1o comenz\u00f3 en el barrio Bel\u00e9n, una noche cualquiera, hace m\u00e1s de dos d\u00e9cadas. La idea surgi\u00f3 de repente y comenz\u00f3 a tomar fuerza hasta convertirse en realidad. Ahora, pasado el tiempo, lo que pudo haber sido una fantas\u00eda es verdad y se consolida con el pasar de los a\u00f1os.<\/span><\/strong><\/p>\n<p>Doce hermanos salidos de una familia humilde y criados en ese sector del occidente cucute\u00f1o decidieron dar el paso con firmeza y conformaron la empresa que hoy los tiene orgullosos. Electro Universal es el fruto del esfuerzo individual, que al juntarse consolid\u00f3 esta firma y la ha hecho crecer con los sinsabores que surgen en el camino del emprendimiento.<\/p>\n<p>Los Mantilla Cuadros han sabido sortear dificultades econ\u00f3micas, embates pand\u00e9micos, cierres de frontera, retirada de clientes, negativa de cr\u00e9ditos bancarios y renuncia de empleados. Esos obst\u00e1culos los han fortalecido para llegar a este sitial que hoy les permite posicionarse en el mercado local de los art\u00edculos el\u00e9ctricos.<\/p>\n<p><a href=\"https:\/\/contraluzcucuta.co\/wp-content\/uploads\/2023\/10\/ELECTRO-UNIVERSAL-4.jpeg\"><img loading=\"lazy\" decoding=\"async\" class=\"alignnone size-medium wp-image-39240 alignleft\" src=\"https:\/\/contraluzcucuta.co\/wp-content\/uploads\/2023\/10\/ELECTRO-UNIVERSAL-4-300x225.jpeg\" alt=\"\" width=\"300\" height=\"225\" srcset=\"https:\/\/contraluzcucuta.co\/wp-content\/uploads\/2023\/10\/ELECTRO-UNIVERSAL-4-300x225.jpeg 300w, https:\/\/contraluzcucuta.co\/wp-content\/uploads\/2023\/10\/ELECTRO-UNIVERSAL-4-600x450.jpeg 600w, https:\/\/contraluzcucuta.co\/wp-content\/uploads\/2023\/10\/ELECTRO-UNIVERSAL-4-1024x768.jpeg 1024w, https:\/\/contraluzcucuta.co\/wp-content\/uploads\/2023\/10\/ELECTRO-UNIVERSAL-4-768x576.jpeg 768w, https:\/\/contraluzcucuta.co\/wp-content\/uploads\/2023\/10\/ELECTRO-UNIVERSAL-4-1536x1152.jpeg 1536w, https:\/\/contraluzcucuta.co\/wp-content\/uploads\/2023\/10\/ELECTRO-UNIVERSAL-4.jpeg 1600w\" sizes=\"auto, (max-width: 300px) 100vw, 300px\" \/><\/a><\/p>\n<p>Si todo les hubiera salido a pedir de boca, quiz\u00e1s, no se habr\u00edan empe\u00f1ado en hacer crecer esta \u2018criatura\u2019 que han visto robustecerse, porque cada uno, en la medida de sus capacidades, lo ha alentado, alimentado y sostenido en el tiempo.<\/p>\n<p>El inter\u00e9s de los hermanos (hoy 11), no es generar riqueza. En mente tienen dejar un legado a los hijos que han procreado con esposos y esposas. Tampoco buscan fortuna, solo pasar el resto de la vida ocupados pensando en lo que han consolidado.<\/p>\n<p>Y en medio de la satisfacci\u00f3n familiar, est\u00e1 la generaci\u00f3n de empleo y la apertura de posibilidades laborales para que otras familias tambi\u00e9n tengan el sustento diario.<\/p>\n<p>Eso es Electro Universal. Y como muestra de crecimiento, el 7 de octubre inaugur\u00f3 la bodega de almacenamiento de mercanc\u00eda, resultado del trabajo arduo de muchos a\u00f1os de dedicaci\u00f3n y sacrificio. A los Mantilla Cuadros la vida los premi\u00f3 con darles la idea, lo dem\u00e1s es resultado del vigor, sudor y empe\u00f1o que aprendieron de don Silverio y do\u00f1a Carmen Delia.<\/p>\n","protected":false},"excerpt":{"rendered":"<p>C\u00daCUTA.- El sue\u00f1o comenz\u00f3 en el barrio Bel\u00e9n, una noche cualquiera, hace m\u00e1s de dos d\u00e9cadas. La idea surgi\u00f3 de repente y comenz\u00f3 a tomar fuerza hasta convertirse en realidad. Ahora, pasado el tiempo, lo que pudo haber sido una fantas\u00eda es verdad y se consolida con el pasar de los a\u00f1os. Doce hermanos salidos &hellip;<\/p>\n","protected":false},"author":1,"featured_media":39239,"comment_status":"open","ping_status":"open","sticky":false,"template":"","format":"standard","meta":{"footnotes":""},"categories":[45,4],"tags":[2366,5747],"class_list":["post-39238","post","type-post","status-publish","format-standard","has-post-thumbnail","hentry","category-destacado","category-barra","tag-barrio-belen","tag-electrouniversal"],"_links":{"self":[{"href":"https:\/\/contraluzcucuta.co\/index.php?rest_route=\/wp\/v2\/posts\/39238","targetHints":{"allow":["GET"]}}],"collection":[{"href":"https:\/\/contraluzcucuta.co\/index.php?rest_route=\/wp\/v2\/posts"}],"about":[{"href":"https:\/\/contraluzcucuta.co\/index.php?rest_route=\/wp\/v2\/types\/post"}],"author":[{"embeddable":true,"href":"https:\/\/contraluzcucuta.co\/index.php?rest_route=\/wp\/v2\/users\/1"}],"replies":[{"embeddable":true,"href":"https:\/\/contraluzcucuta.co\/index.php?rest_route=%2Fwp%2Fv2%2Fcomments&post=39238"}],"version-history":[{"count":1,"href":"https:\/\/contraluzcucuta.co\/index.php?rest_route=\/wp\/v2\/posts\/39238\/revisions"}],"predecessor-version":[{"id":39241,"href":"https:\/\/contraluzcucuta.co\/index.php?rest_route=\/wp\/v2\/posts\/39238\/revisions\/39241"}],"wp:featuredmedia":[{"embeddable":true,"href":"https:\/\/contraluzcucuta.co\/index.php?rest_route=\/wp\/v2\/media\/39239"}],"wp:attachment":[{"href":"https:\/\/contraluzcucuta.co\/index.php?rest_route=%2Fwp%2Fv2%2Fmedia&parent=39238"}],"wp:term":[{"taxonomy":"category","embeddable":true,"href":"https:\/\/contraluzcucuta.co\/index.php?rest_route=%2Fwp%2Fv2%2Fcategories&post=39238"},{"taxonomy":"post_tag","embeddable":true,"href":"https:\/\/contraluzcucuta.co\/index.php?rest_route=%2Fwp%2Fv2%2Ftags&post=39238"}],"curies":[{"name":"wp","href":"https:\/\/api.w.org\/{rel}","templated":true}]}}