{"id":39217,"date":"2023-10-05T18:34:03","date_gmt":"2023-10-05T23:34:03","guid":{"rendered":"https:\/\/contraluzcucuta.co\/?p=39217"},"modified":"2023-10-05T18:34:03","modified_gmt":"2023-10-05T23:34:03","slug":"emergencia-en-el-tarrita-instalado-segundo-puente-metalico","status":"publish","type":"post","link":"https:\/\/contraluzcucuta.co\/?p=39217","title":{"rendered":"EMERGENCIA EN EL TARRITA. Instalado segundo puente met\u00e1lico"},"content":{"rendered":"<p style=\"padding-left: 40px; text-align: right;\"><strong><span style=\"color: #ff9900;\">\u00c1BREGO &#8211; Norte de Santander.- El Inv\u00edas, en coordinaci\u00f3n con el Comando de Ingenieros Militares, termin\u00f3 la instalaci\u00f3n del segundo puente met\u00e1lico, que tiene una longitud de 67 metros y servir\u00e1 para que usuarios viales atraviesen el r\u00edo con mayor seguridad. \u00a0El prop\u00f3sito es recuperar el tr\u00e1nsito y reactivar la econom\u00eda en \u00c1brego, Oca\u00f1a y municipios de la zona de influencia.<\/span><\/strong><\/p>\n<p>Adem\u00e1s, siguen las actividades para terminar los accesos a la estructura semipermanente y concluir las labores de la emergencia, siempre y cuando el clima permita avanzar con dichas tareas.<\/p>\n<p>El subdirector de gesti\u00f3n de riesgo de Inv\u00edas, V\u00edctor Hugo R\u00edos, dijo que la instalaci\u00f3n del segundo puente met\u00e1lico para superar la emergencia de El Tarrita concluy\u00f3 y est\u00e1 en la recta final para recuperar la transitabilidad y el paso seguro para los habituales usuarios de este corredor vial de Norte de Santander.<\/p>\n<p><a href=\"https:\/\/contraluzcucuta.co\/wp-content\/uploads\/2023\/10\/EL-TARRITA-20.jpeg\"><img loading=\"lazy\" decoding=\"async\" class=\"alignnone size-medium wp-image-39219 alignleft\" src=\"https:\/\/contraluzcucuta.co\/wp-content\/uploads\/2023\/10\/EL-TARRITA-20-300x169.jpeg\" alt=\"\" width=\"300\" height=\"169\" srcset=\"https:\/\/contraluzcucuta.co\/wp-content\/uploads\/2023\/10\/EL-TARRITA-20-300x169.jpeg 300w, https:\/\/contraluzcucuta.co\/wp-content\/uploads\/2023\/10\/EL-TARRITA-20-600x338.jpeg 600w, https:\/\/contraluzcucuta.co\/wp-content\/uploads\/2023\/10\/EL-TARRITA-20-1024x576.jpeg 1024w, https:\/\/contraluzcucuta.co\/wp-content\/uploads\/2023\/10\/EL-TARRITA-20-768x432.jpeg 768w, https:\/\/contraluzcucuta.co\/wp-content\/uploads\/2023\/10\/EL-TARRITA-20-1536x864.jpeg 1536w, https:\/\/contraluzcucuta.co\/wp-content\/uploads\/2023\/10\/EL-TARRITA-20.jpeg 1600w\" sizes=\"auto, (max-width: 300px) 100vw, 300px\" \/><\/a><\/p>\n<p>\u201cContinuamos a buen ritmo en las obras de los accesos, pero dependemos del\u00a0comportamiento del clima, pues la semana anterior se presentaron fuertes lluvias que no permitieron avanzar lo esperado\u201d, indic\u00f3 el funcionario.<\/p>\n<p>En la zona de El Tarrita, el Instituto trabaja con toda la capacidad t\u00e9cnica y operativa para terminar los cerca de 100 metros de v\u00edas de acceso. En el momento se adelantan actividades para la compactaci\u00f3n del material y conformar los terraplenes que permitir\u00e1n el ingreso de veh\u00edculos con mayor facilidad a la estructura provisional.<\/p>\n<p>El Instituto hace un nuevo llamado a la ciudadan\u00eda para que no atraviese el r\u00edo El Tarrita. En las \u00faltimas horas se han visto videos de camiones estancados que bajo su responsabilidad intentan cruzar el r\u00edo y generan incidentes debido al aumento del caudal por las fuertes lluvias en la zona.<\/p>\n<p>De esta manera, el Gobierno del Cambio, a trav\u00e9s del Inv\u00edas, ratifica su compromiso con las poblaciones del pa\u00eds m\u00e1s necesitadas, en b\u00fasqueda de justicia social y econ\u00f3mica para las y los colombianos.<\/p>\n","protected":false},"excerpt":{"rendered":"<p>\u00c1BREGO &#8211; Norte de Santander.- El Inv\u00edas, en coordinaci\u00f3n con el Comando de Ingenieros Militares, termin\u00f3 la instalaci\u00f3n del segundo puente met\u00e1lico, que tiene una longitud de 67 metros y servir\u00e1 para que usuarios viales atraviesen el r\u00edo con mayor seguridad. \u00a0El prop\u00f3sito es recuperar el tr\u00e1nsito y reactivar la econom\u00eda en \u00c1brego, Oca\u00f1a y &hellip;<\/p>\n","protected":false},"author":1,"featured_media":39218,"comment_status":"open","ping_status":"open","sticky":false,"template":"","format":"standard","meta":{"footnotes":""},"categories":[4,32],"tags":[5704,393],"class_list":["post-39217","post","type-post","status-publish","format-standard","has-post-thumbnail","hentry","category-barra","category-recorrido-por-la-region","tag-emergencia-en-el-tarrita","tag-invias"],"_links":{"self":[{"href":"https:\/\/contraluzcucuta.co\/index.php?rest_route=\/wp\/v2\/posts\/39217","targetHints":{"allow":["GET"]}}],"collection":[{"href":"https:\/\/contraluzcucuta.co\/index.php?rest_route=\/wp\/v2\/posts"}],"about":[{"href":"https:\/\/contraluzcucuta.co\/index.php?rest_route=\/wp\/v2\/types\/post"}],"author":[{"embeddable":true,"href":"https:\/\/contraluzcucuta.co\/index.php?rest_route=\/wp\/v2\/users\/1"}],"replies":[{"embeddable":true,"href":"https:\/\/contraluzcucuta.co\/index.php?rest_route=%2Fwp%2Fv2%2Fcomments&post=39217"}],"version-history":[{"count":1,"href":"https:\/\/contraluzcucuta.co\/index.php?rest_route=\/wp\/v2\/posts\/39217\/revisions"}],"predecessor-version":[{"id":39220,"href":"https:\/\/contraluzcucuta.co\/index.php?rest_route=\/wp\/v2\/posts\/39217\/revisions\/39220"}],"wp:featuredmedia":[{"embeddable":true,"href":"https:\/\/contraluzcucuta.co\/index.php?rest_route=\/wp\/v2\/media\/39218"}],"wp:attachment":[{"href":"https:\/\/contraluzcucuta.co\/index.php?rest_route=%2Fwp%2Fv2%2Fmedia&parent=39217"}],"wp:term":[{"taxonomy":"category","embeddable":true,"href":"https:\/\/contraluzcucuta.co\/index.php?rest_route=%2Fwp%2Fv2%2Fcategories&post=39217"},{"taxonomy":"post_tag","embeddable":true,"href":"https:\/\/contraluzcucuta.co\/index.php?rest_route=%2Fwp%2Fv2%2Ftags&post=39217"}],"curies":[{"name":"wp","href":"https:\/\/api.w.org\/{rel}","templated":true}]}}