{"id":39183,"date":"2023-10-03T04:20:30","date_gmt":"2023-10-03T09:20:30","guid":{"rendered":"https:\/\/contraluzcucuta.co\/?p=39183"},"modified":"2023-10-03T04:20:30","modified_gmt":"2023-10-03T09:20:30","slug":"en-voz-alta-12-billones-presupuesto-departamental-2024","status":"publish","type":"post","link":"https:\/\/contraluzcucuta.co\/?p=39183","title":{"rendered":"EN VOZ ALTA. $ 1,2 billones, presupuesto departamental 2024"},"content":{"rendered":"<p style=\"padding-left: 40px; text-align: right;\"><span style=\"color: #ff9900;\">C\u00daCUTA.- En 20 por ciento aumentar\u00e1 el presupuesto departamental para el 2024. En el 2023, la estimaci\u00f3n anual alcanz\u00f3 el bill\u00f3n de pesos y para la vigencia entrante estar\u00e1 en $ 1,2 billones. El gobernador entrante tendr\u00e1 $ 200.000 millones m\u00e1s para los gastos de administraci\u00f3n y la inversi\u00f3n en proyectos y programas que beneficien a los habitantes de los 40 municipios.<\/span><\/p>\n<p>Entre los renglones que requieren mayor atenci\u00f3n destacan salud, educaci\u00f3n, v\u00edas, infraestructura, saneamiento b\u00e1sico y agua potable.<\/p>\n<p>El gobernador Silvano Serrano present\u00f3 la cifra en la instalaci\u00f3n del \u00faltimo ciclo del periodo de sesiones ordinarias de la Asamblea. Insisti\u00f3 en la urgencia de actualizar o reformar el sistema general de participaciones, porque la soluci\u00f3n de las necesidades en Norte de Santander requiere m\u00e1s recursos.<\/p>\n<p>Reconoci\u00f3 que no ha sido f\u00e1cil gobernar en medio de la crisis, por las dificultades surgidos en el campo de la seguridad y otros problemas sociales. Agreg\u00f3 que a la fecha se ha cumplido con el 85 % del programa de gobierno.<\/p>\n<p>A su sucesor lo inst\u00f3 a acompa\u00f1ar los procesos transformadores que quedan en tr\u00e1mite. Destac\u00f3 el Pacto por la Educaci\u00f3n y otros que avanzan con miras a hacer mejor el departamento.<\/p>\n","protected":false},"excerpt":{"rendered":"<p>C\u00daCUTA.- En 20 por ciento aumentar\u00e1 el presupuesto departamental para el 2024. En el 2023, la estimaci\u00f3n anual alcanz\u00f3 el bill\u00f3n de pesos y para la vigencia entrante estar\u00e1 en $ 1,2 billones. El gobernador entrante tendr\u00e1 $ 200.000 millones m\u00e1s para los gastos de administraci\u00f3n y la inversi\u00f3n en proyectos y programas que beneficien &hellip;<\/p>\n","protected":false},"author":1,"featured_media":39184,"comment_status":"open","ping_status":"open","sticky":false,"template":"","format":"standard","meta":{"footnotes":""},"categories":[4,6],"tags":[379,3812,2641],"class_list":["post-39183","post","type-post","status-publish","format-standard","has-post-thumbnail","hentry","category-barra","category-ojo-avizor","tag-gobernacion-de-norte-de-santander","tag-presupuesto-departamental","tag-silvano-serrano"],"_links":{"self":[{"href":"https:\/\/contraluzcucuta.co\/index.php?rest_route=\/wp\/v2\/posts\/39183","targetHints":{"allow":["GET"]}}],"collection":[{"href":"https:\/\/contraluzcucuta.co\/index.php?rest_route=\/wp\/v2\/posts"}],"about":[{"href":"https:\/\/contraluzcucuta.co\/index.php?rest_route=\/wp\/v2\/types\/post"}],"author":[{"embeddable":true,"href":"https:\/\/contraluzcucuta.co\/index.php?rest_route=\/wp\/v2\/users\/1"}],"replies":[{"embeddable":true,"href":"https:\/\/contraluzcucuta.co\/index.php?rest_route=%2Fwp%2Fv2%2Fcomments&post=39183"}],"version-history":[{"count":1,"href":"https:\/\/contraluzcucuta.co\/index.php?rest_route=\/wp\/v2\/posts\/39183\/revisions"}],"predecessor-version":[{"id":39185,"href":"https:\/\/contraluzcucuta.co\/index.php?rest_route=\/wp\/v2\/posts\/39183\/revisions\/39185"}],"wp:featuredmedia":[{"embeddable":true,"href":"https:\/\/contraluzcucuta.co\/index.php?rest_route=\/wp\/v2\/media\/39184"}],"wp:attachment":[{"href":"https:\/\/contraluzcucuta.co\/index.php?rest_route=%2Fwp%2Fv2%2Fmedia&parent=39183"}],"wp:term":[{"taxonomy":"category","embeddable":true,"href":"https:\/\/contraluzcucuta.co\/index.php?rest_route=%2Fwp%2Fv2%2Fcategories&post=39183"},{"taxonomy":"post_tag","embeddable":true,"href":"https:\/\/contraluzcucuta.co\/index.php?rest_route=%2Fwp%2Fv2%2Ftags&post=39183"}],"curies":[{"name":"wp","href":"https:\/\/api.w.org\/{rel}","templated":true}]}}