{"id":39180,"date":"2023-10-03T04:15:56","date_gmt":"2023-10-03T09:15:56","guid":{"rendered":"https:\/\/contraluzcucuta.co\/?p=39180"},"modified":"2023-10-03T04:56:03","modified_gmt":"2023-10-03T09:56:03","slug":"concurso-cucuta-tiene-mister-mundo-colombia","status":"publish","type":"post","link":"https:\/\/contraluzcucuta.co\/?p=39180","title":{"rendered":"CONCURSO. C\u00facuta tiene M\u00edster Mundo Colombia"},"content":{"rendered":"<p style=\"padding-left: 40px; text-align: right;\"><strong><span style=\"color: #ff9900;\">C\u00daCUTA.- A Jordan \u00c1lvarez le funcion\u00f3 la preparaci\u00f3n f\u00edsica, mental, educativa y de expresi\u00f3n oral a la que se someti\u00f3 durante un largo periodo, porque se alz\u00f3 con el t\u00edtulo de M\u00edster Mundo Colombia. El representante de C\u00facuta en el concurso nacional se llev\u00f3 los honores y hoy luce orgulloso el galard\u00f3n.<\/span><\/strong><\/p>\n<p><a href=\"https:\/\/contraluzcucuta.co\/wp-content\/uploads\/2023\/10\/MISTER-MUNDO-13.jpg\"><img loading=\"lazy\" decoding=\"async\" class=\"alignnone size-medium wp-image-39192 alignleft\" src=\"https:\/\/contraluzcucuta.co\/wp-content\/uploads\/2023\/10\/MISTER-MUNDO-13-300x241.jpg\" alt=\"\" width=\"300\" height=\"241\" srcset=\"https:\/\/contraluzcucuta.co\/wp-content\/uploads\/2023\/10\/MISTER-MUNDO-13-300x241.jpg 300w, https:\/\/contraluzcucuta.co\/wp-content\/uploads\/2023\/10\/MISTER-MUNDO-13-600x481.jpg 600w, https:\/\/contraluzcucuta.co\/wp-content\/uploads\/2023\/10\/MISTER-MUNDO-13-1024x822.jpg 1024w, https:\/\/contraluzcucuta.co\/wp-content\/uploads\/2023\/10\/MISTER-MUNDO-13-768x616.jpg 768w, https:\/\/contraluzcucuta.co\/wp-content\/uploads\/2023\/10\/MISTER-MUNDO-13.jpg 1270w\" sizes=\"auto, (max-width: 300px) 100vw, 300px\" \/><\/a><\/p>\n<p>La trayectoria como modelo la comenz\u00f3 en la Agencia Class Fashion Model, donde lo escogieron como el abanderad de la capital de Norte de Santander para asistir al certamen nacional. En la elecci\u00f3n participan el coordinador y los profesores y destacan el desempe\u00f1o que tiene el alumno.<\/p>\n<p>En Ibagu\u00e9, sede del concurso este a\u00f1o, les dijo quienes siguieron de cerca el evento que en C\u00facuta y Norte de Santander \u201csomos gente trabajadora y luchadora. Jam\u00e1s nos rendimos. No importa la adversidad, siempre estamos mirando hacia adelante\u201d.<\/p>\n<p>Por Norte de Santander asisti\u00f3 Juan Garc\u00eda quien no alcanz\u00f3 a estar entre los primeros lugare4s, a pesar de haber dejado en alto el nombre del departamento.<\/p>\n","protected":false},"excerpt":{"rendered":"<p>C\u00daCUTA.- A Jordan \u00c1lvarez le funcion\u00f3 la preparaci\u00f3n f\u00edsica, mental, educativa y de expresi\u00f3n oral a la que se someti\u00f3 durante un largo periodo, porque se alz\u00f3 con el t\u00edtulo de M\u00edster Mundo Colombia. El representante de C\u00facuta en el concurso nacional se llev\u00f3 los honores y hoy luce orgulloso el galard\u00f3n. La trayectoria como &hellip;<\/p>\n","protected":false},"author":1,"featured_media":39193,"comment_status":"open","ping_status":"open","sticky":false,"template":"","format":"standard","meta":{"footnotes":""},"categories":[4,37],"tags":[5737,5736],"class_list":["post-39180","post","type-post","status-publish","format-standard","has-post-thumbnail","hentry","category-barra","category-paseo-cultural","tag-agencia-class-fashion-model","tag-mister-mundo-colombia"],"_links":{"self":[{"href":"https:\/\/contraluzcucuta.co\/index.php?rest_route=\/wp\/v2\/posts\/39180","targetHints":{"allow":["GET"]}}],"collection":[{"href":"https:\/\/contraluzcucuta.co\/index.php?rest_route=\/wp\/v2\/posts"}],"about":[{"href":"https:\/\/contraluzcucuta.co\/index.php?rest_route=\/wp\/v2\/types\/post"}],"author":[{"embeddable":true,"href":"https:\/\/contraluzcucuta.co\/index.php?rest_route=\/wp\/v2\/users\/1"}],"replies":[{"embeddable":true,"href":"https:\/\/contraluzcucuta.co\/index.php?rest_route=%2Fwp%2Fv2%2Fcomments&post=39180"}],"version-history":[{"count":3,"href":"https:\/\/contraluzcucuta.co\/index.php?rest_route=\/wp\/v2\/posts\/39180\/revisions"}],"predecessor-version":[{"id":39195,"href":"https:\/\/contraluzcucuta.co\/index.php?rest_route=\/wp\/v2\/posts\/39180\/revisions\/39195"}],"wp:featuredmedia":[{"embeddable":true,"href":"https:\/\/contraluzcucuta.co\/index.php?rest_route=\/wp\/v2\/media\/39193"}],"wp:attachment":[{"href":"https:\/\/contraluzcucuta.co\/index.php?rest_route=%2Fwp%2Fv2%2Fmedia&parent=39180"}],"wp:term":[{"taxonomy":"category","embeddable":true,"href":"https:\/\/contraluzcucuta.co\/index.php?rest_route=%2Fwp%2Fv2%2Fcategories&post=39180"},{"taxonomy":"post_tag","embeddable":true,"href":"https:\/\/contraluzcucuta.co\/index.php?rest_route=%2Fwp%2Fv2%2Ftags&post=39180"}],"curies":[{"name":"wp","href":"https:\/\/api.w.org\/{rel}","templated":true}]}}