{"id":39177,"date":"2023-10-03T04:05:11","date_gmt":"2023-10-03T09:05:11","guid":{"rendered":"https:\/\/contraluzcucuta.co\/?p=39177"},"modified":"2023-10-03T04:05:11","modified_gmt":"2023-10-03T09:05:11","slug":"necrologia-adios-juan-ricardo","status":"publish","type":"post","link":"https:\/\/contraluzcucuta.co\/?p=39177","title":{"rendered":"NECROLOG\u00cdA. \u00a1Adi\u00f3s, Juan Ricardo!"},"content":{"rendered":"<p style=\"padding-left: 40px; text-align: right;\"><strong><span style=\"color: #ff9900;\">C\u00daCUTA.- A Juan Ricardo G\u00e9lvez no lo conoc\u00ed en la Universidad de la Sabana, sino ac\u00e1 en C\u00facuta en pleno ejercicio del periodismo. En ese momento ejerc\u00eda la jefatura de redacci\u00f3n del Diario de la Frontera, propiedad entonces de F\u00e9lix Salcedo Baldi\u00f3n.<\/span><\/strong><\/p>\n<p>Era un tipo de agradable conversaci\u00f3n, cargada de an\u00e9cdotas, chistes, inventos literarios y vivencias. Si de pol\u00edtica se trataba, mentaba a los cacaos con propiedad y defend\u00eda a su Partido Liberal. Para demostrar que sab\u00eda de f\u00fatbol dirigi\u00f3 una revistica, para ponerse a tono en geograf\u00eda hac\u00eda referencia a la natal Durania. Y si de Norte de Santander era la charla, repasaba con juicio cada municipio.<\/p>\n<p>Una an\u00e9cdota que invitaba a la risotada era aquella en la que un empleado del TRO le lleg\u00f3 co0n mentiras a la oficina. Lo increp\u00f3 y en tono fuerte le dijo:<\/p>\n<ul>\n<li><em>Usted no puede decirme mentiras, porque soy el rey de los mentirosos.<\/em><\/li>\n<\/ul>\n<p>La repet\u00eda cuantas veces quer\u00eda re\u00edr.<\/p>\n<p>A las muchachas las asustaba con el sue\u00f1o de la noche anterior, que narraba con total seriedad para hacer cre\u00edble la historia.<\/p>\n<ul>\n<li><em>Anoche so\u00f1\u00e9 con usted. Est\u00e1bamos en el mar, tendidos en la arena, desnuditos y cuando quise poseerla, despert\u00e9.<\/em><\/li>\n<\/ul>\n<p>La aludida no aguantaba la carcajada, ni preguntaba si el sue\u00f1o ten\u00eda continuaci\u00f3n.<\/p>\n<p>Ese era el Ricardo que conoc\u00ed. Desparpajado, prometedor incumplido, tranquilo, falaz, amigo de los amigos con los que comparti\u00f3 aventuras y desventuras, ex propietario de Cuban\u00edsimo y buen cronista.<\/p>\n<p>Hoy no estar\u00e1 m\u00e1s entre nosotros el Comandante Rintint\u00edn.<\/p>\n","protected":false},"excerpt":{"rendered":"<p>C\u00daCUTA.- A Juan Ricardo G\u00e9lvez no lo conoc\u00ed en la Universidad de la Sabana, sino ac\u00e1 en C\u00facuta en pleno ejercicio del periodismo. En ese momento ejerc\u00eda la jefatura de redacci\u00f3n del Diario de la Frontera, propiedad entonces de F\u00e9lix Salcedo Baldi\u00f3n. Era un tipo de agradable conversaci\u00f3n, cargada de an\u00e9cdotas, chistes, inventos literarios y &hellip;<\/p>\n","protected":false},"author":1,"featured_media":39178,"comment_status":"open","ping_status":"open","sticky":false,"template":"","format":"standard","meta":{"footnotes":""},"categories":[4,1967],"tags":[2646,1948],"class_list":["post-39177","post","type-post","status-publish","format-standard","has-post-thumbnail","hentry","category-barra","category-necrologias","tag-juan-ricardo-gelvez","tag-necrologias-cucutenas"],"_links":{"self":[{"href":"https:\/\/contraluzcucuta.co\/index.php?rest_route=\/wp\/v2\/posts\/39177","targetHints":{"allow":["GET"]}}],"collection":[{"href":"https:\/\/contraluzcucuta.co\/index.php?rest_route=\/wp\/v2\/posts"}],"about":[{"href":"https:\/\/contraluzcucuta.co\/index.php?rest_route=\/wp\/v2\/types\/post"}],"author":[{"embeddable":true,"href":"https:\/\/contraluzcucuta.co\/index.php?rest_route=\/wp\/v2\/users\/1"}],"replies":[{"embeddable":true,"href":"https:\/\/contraluzcucuta.co\/index.php?rest_route=%2Fwp%2Fv2%2Fcomments&post=39177"}],"version-history":[{"count":1,"href":"https:\/\/contraluzcucuta.co\/index.php?rest_route=\/wp\/v2\/posts\/39177\/revisions"}],"predecessor-version":[{"id":39179,"href":"https:\/\/contraluzcucuta.co\/index.php?rest_route=\/wp\/v2\/posts\/39177\/revisions\/39179"}],"wp:featuredmedia":[{"embeddable":true,"href":"https:\/\/contraluzcucuta.co\/index.php?rest_route=\/wp\/v2\/media\/39178"}],"wp:attachment":[{"href":"https:\/\/contraluzcucuta.co\/index.php?rest_route=%2Fwp%2Fv2%2Fmedia&parent=39177"}],"wp:term":[{"taxonomy":"category","embeddable":true,"href":"https:\/\/contraluzcucuta.co\/index.php?rest_route=%2Fwp%2Fv2%2Fcategories&post=39177"},{"taxonomy":"post_tag","embeddable":true,"href":"https:\/\/contraluzcucuta.co\/index.php?rest_route=%2Fwp%2Fv2%2Ftags&post=39177"}],"curies":[{"name":"wp","href":"https:\/\/api.w.org\/{rel}","templated":true}]}}