{"id":39159,"date":"2023-09-29T19:14:39","date_gmt":"2023-09-30T00:14:39","guid":{"rendered":"https:\/\/contraluzcucuta.co\/?p=39159"},"modified":"2023-09-29T19:14:39","modified_gmt":"2023-09-30T00:14:39","slug":"medio-ambiente-el-agua-es-mi-cuento","status":"publish","type":"post","link":"https:\/\/contraluzcucuta.co\/?p=39159","title":{"rendered":"MEDIO AMBIENTE. El Agua es mi Cuento"},"content":{"rendered":"<p style=\"padding-left: 40px; text-align: right;\"><strong><span style=\"color: #ff9900;\">C\u00daCUTA.- La cartilla El Agua es mi Cuento ha llegado 8200 estudiantes y comunidades de las zonas urbana y rural de C\u00facuta. El objetivo es promover el proceso de educaci\u00f3n ambiental y la cultura de conocimiento y cuidado del agua.<\/span><\/strong><\/p>\n<p>Los contenidos pedag\u00f3gicos de la cartilla fueron dise\u00f1ados por la Universidad de Pamplona y la Alianza Biocuenca, y modificados para la transmisi\u00f3n virtual por la Oficina TIC y la EIS C\u00facuta S.A.<\/p>\n<p>En el contenido se encontrar\u00e1:<\/p>\n<p>La importancia del Agua a lo largo de la historia de la humanidad.<\/p>\n<p>Conflictos e intereses por el agua.<\/p>\n<p>Uso racional del agua.<\/p>\n<p>Este contenido es reconocido como modelo de gesti\u00f3n en educaci\u00f3n ambiental y gesti\u00f3n en el uso y ahorro responsable del agua. Las campa\u00f1as de sensibilizaci\u00f3n ambiental buscan concientizar sobre la preservaci\u00f3n, el origen y c\u00f3mo es el p\u00e1ramo de Santurb\u00e1n.<\/p>\n<p>Igualmente, imparte acciones desde las instituciones educativas, empresariales y comunidades para alcanzar el cumplimiento de la meta que es concientizar en conductas que incentiven el cuidado del mismo.<\/p>\n<p>&nbsp;<\/p>\n","protected":false},"excerpt":{"rendered":"<p>C\u00daCUTA.- La cartilla El Agua es mi Cuento ha llegado 8200 estudiantes y comunidades de las zonas urbana y rural de C\u00facuta. El objetivo es promover el proceso de educaci\u00f3n ambiental y la cultura de conocimiento y cuidado del agua. Los contenidos pedag\u00f3gicos de la cartilla fueron dise\u00f1ados por la Universidad de Pamplona y la &hellip;<\/p>\n","protected":false},"author":1,"featured_media":39160,"comment_status":"open","ping_status":"open","sticky":false,"template":"","format":"standard","meta":{"footnotes":""},"categories":[2625,4],"tags":[226,5731,5732],"class_list":["post-39159","post","type-post","status-publish","format-standard","has-post-thumbnail","hentry","category-alcaldia-de-cucuta","category-barra","tag-alcaldia-de-cucuta","tag-cartilla","tag-el-agua-es-mi-cuento"],"_links":{"self":[{"href":"https:\/\/contraluzcucuta.co\/index.php?rest_route=\/wp\/v2\/posts\/39159","targetHints":{"allow":["GET"]}}],"collection":[{"href":"https:\/\/contraluzcucuta.co\/index.php?rest_route=\/wp\/v2\/posts"}],"about":[{"href":"https:\/\/contraluzcucuta.co\/index.php?rest_route=\/wp\/v2\/types\/post"}],"author":[{"embeddable":true,"href":"https:\/\/contraluzcucuta.co\/index.php?rest_route=\/wp\/v2\/users\/1"}],"replies":[{"embeddable":true,"href":"https:\/\/contraluzcucuta.co\/index.php?rest_route=%2Fwp%2Fv2%2Fcomments&post=39159"}],"version-history":[{"count":1,"href":"https:\/\/contraluzcucuta.co\/index.php?rest_route=\/wp\/v2\/posts\/39159\/revisions"}],"predecessor-version":[{"id":39161,"href":"https:\/\/contraluzcucuta.co\/index.php?rest_route=\/wp\/v2\/posts\/39159\/revisions\/39161"}],"wp:featuredmedia":[{"embeddable":true,"href":"https:\/\/contraluzcucuta.co\/index.php?rest_route=\/wp\/v2\/media\/39160"}],"wp:attachment":[{"href":"https:\/\/contraluzcucuta.co\/index.php?rest_route=%2Fwp%2Fv2%2Fmedia&parent=39159"}],"wp:term":[{"taxonomy":"category","embeddable":true,"href":"https:\/\/contraluzcucuta.co\/index.php?rest_route=%2Fwp%2Fv2%2Fcategories&post=39159"},{"taxonomy":"post_tag","embeddable":true,"href":"https:\/\/contraluzcucuta.co\/index.php?rest_route=%2Fwp%2Fv2%2Ftags&post=39159"}],"curies":[{"name":"wp","href":"https:\/\/api.w.org\/{rel}","templated":true}]}}