{"id":39147,"date":"2023-09-29T04:28:22","date_gmt":"2023-09-29T09:28:22","guid":{"rendered":"https:\/\/contraluzcucuta.co\/?p=39147"},"modified":"2023-09-29T04:29:08","modified_gmt":"2023-09-29T09:29:08","slug":"copa-colombia-cucuta-deportivo-lucho-pero-no-le-alcanzo","status":"publish","type":"post","link":"https:\/\/contraluzcucuta.co\/?p=39147","title":{"rendered":"COPA COLOMBIA. C\u00facuta Deportivo luch\u00f3, pero no le alcanz\u00f3"},"content":{"rendered":"<p style=\"padding-left: 40px; text-align: right;\"><strong><span style=\"color: #ffcc00;\">C\u00daCUTA.- El f\u00fatbol, en su interior, guarda unas m\u00e1ximas que se aplican al pie de la letra en cada partido. Al goleador no hay que descuidarlo un segundo cerca del \u00e1rea chica, porque anota. Minuto 86. Luciano Pons marc\u00f3 el gol que tiene al Independiente Medell\u00edn arriba en la serie contra C\u00facuta Deportivo.<\/span><\/strong><\/p>\n<p>El cuadro rojinegro entendi\u00f3 que el partido era para jugarlo en serio y as\u00ed se par\u00f3 en la cancha. Si un aficionado, lejos de Medell\u00edn o C\u00facuta, ve las acciones del encuentro no notar\u00e1 que el equipo local es de la categor\u00eda B y el visitante, de la A. La diferencia en el campo de juego fue poca.<\/p>\n<p><a href=\"https:\/\/contraluzcucuta.co\/wp-content\/uploads\/2023\/09\/CUCUTA-MEDELLIN-1.jpeg\"><img loading=\"lazy\" decoding=\"async\" class=\"alignnone size-medium wp-image-39151 alignleft\" src=\"https:\/\/contraluzcucuta.co\/wp-content\/uploads\/2023\/09\/CUCUTA-MEDELLIN-1-300x225.jpeg\" alt=\"\" width=\"300\" height=\"225\" srcset=\"https:\/\/contraluzcucuta.co\/wp-content\/uploads\/2023\/09\/CUCUTA-MEDELLIN-1-300x225.jpeg 300w, https:\/\/contraluzcucuta.co\/wp-content\/uploads\/2023\/09\/CUCUTA-MEDELLIN-1-600x450.jpeg 600w, https:\/\/contraluzcucuta.co\/wp-content\/uploads\/2023\/09\/CUCUTA-MEDELLIN-1-1024x768.jpeg 1024w, https:\/\/contraluzcucuta.co\/wp-content\/uploads\/2023\/09\/CUCUTA-MEDELLIN-1-768x576.jpeg 768w, https:\/\/contraluzcucuta.co\/wp-content\/uploads\/2023\/09\/CUCUTA-MEDELLIN-1-1536x1152.jpeg 1536w, https:\/\/contraluzcucuta.co\/wp-content\/uploads\/2023\/09\/CUCUTA-MEDELLIN-1.jpeg 1600w\" sizes=\"auto, (max-width: 300px) 100vw, 300px\" \/><\/a><\/p>\n<p>Otra m\u00e1xima. Las oportunidades hay que aprovecharlas cuando ocurren. Los motilones (\u00bfo chitareros?) no vencieron al portero Jimmy G\u00f3mez y s\u00ed sacaron el bal\u00f3n del arco defendido por Mastrol\u00eda. Las opciones se crearon, las llegadas se consiguieron y la puntada final no apareci\u00f3.<\/p>\n<p>Hac\u00eda rato no se viv\u00eda en el General Santander un espect\u00e1culo pirot\u00e9cnico. Ayer, los muchachos de la Banda llevaron bengalas que iluminaron el cielo cucute\u00f1o y alegraron el ambiente futbolero. Cuando hay cordura hay aplausos.<\/p>\n<p>Tercera m\u00e1xima. La lectura del partido debe hacerse a tiempo y con tino. Quiz\u00e1s el ingreso de Kevin \u00c1lvarez se dio en el momento menos indicado. Cuando el partido estaba empatado y pod\u00eda terminar as\u00ed. El jugador no pes\u00f3 en el terreno, ni supo asociarse con sus compa\u00f1eros. \u00bfUna decisi\u00f3n malograda?<\/p>\n<p><a href=\"https:\/\/contraluzcucuta.co\/wp-content\/uploads\/2023\/09\/CUCUTA-MEDELLIN-2.jpeg\"><img loading=\"lazy\" decoding=\"async\" class=\"alignnone size-medium wp-image-39149 alignleft\" src=\"https:\/\/contraluzcucuta.co\/wp-content\/uploads\/2023\/09\/CUCUTA-MEDELLIN-2-300x225.jpeg\" alt=\"\" width=\"300\" height=\"225\" srcset=\"https:\/\/contraluzcucuta.co\/wp-content\/uploads\/2023\/09\/CUCUTA-MEDELLIN-2-300x225.jpeg 300w, https:\/\/contraluzcucuta.co\/wp-content\/uploads\/2023\/09\/CUCUTA-MEDELLIN-2-600x450.jpeg 600w, https:\/\/contraluzcucuta.co\/wp-content\/uploads\/2023\/09\/CUCUTA-MEDELLIN-2-1024x768.jpeg 1024w, https:\/\/contraluzcucuta.co\/wp-content\/uploads\/2023\/09\/CUCUTA-MEDELLIN-2-768x576.jpeg 768w, https:\/\/contraluzcucuta.co\/wp-content\/uploads\/2023\/09\/CUCUTA-MEDELLIN-2-1536x1152.jpeg 1536w, https:\/\/contraluzcucuta.co\/wp-content\/uploads\/2023\/09\/CUCUTA-MEDELLIN-2.jpeg 1600w\" sizes=\"auto, (max-width: 300px) 100vw, 300px\" \/><\/a><\/p>\n<p>La barra visitante cant\u00f3, brinc\u00f3, molest\u00f3 y hasta aburri\u00f3 a algunos aficionados. Sin embargo, mantuvieron el orden, no hubo desmanes y regresaron a la capital de la monta\u00f1a con tres puntos en las alforjas. L\u00e1stima, no pudieron disfrutar el gol del Pons.<\/p>\n<p>Cuarta m\u00e1xima. La casa se hace respetar y la visita no puede llevarse los tres puntos. Pues los rojos, que ayer eran medio morados, ganaron el primero de los dos encuentros y sacaron ventaja. No est\u00e1 nada dicho, solo suman tres puntos.<\/p>\n<p>La iluminaci\u00f3n del estadio sirve para compromisos nocturnos. Bien por el trabajo hecho para permitir que el General luzca en \u00f3ptimas condiciones. Ahora falta remplazar el remedo de tablero electr\u00f3nico que un d\u00eda alguien vendi\u00f3 y otro alguien inocente compr\u00f3 creyendo que serv\u00eda para el estadio.<\/p>\n<p>Y la quinta m\u00e1xima. El f\u00fatbol se juega de pie y no tirado en el c\u00e9sped. Eso se vio y qued\u00f3 comprobado. Los paisas vinieron a jugar f\u00fatbol, tocaron el bal\u00f3n, recibieron faltas y se fueron victoriosos. No hubo malgasto de tiempo, ni payasadas, ni dolores fingidos. M\u00e1s aplausos, porque a eso se lo llama espect\u00e1culo.<\/p>\n<p>La \u00f1apa: el partido se acaba cuando el \u00e1rbitro da el pitido final. Minuto 86, casi coronado el empate. Luciano apag\u00f3 los fuegos artificiales y la fiesta se acab\u00f3. Caras tristes y largas regresan a casa.<\/p>\n<p>La semana entrante ser\u00e1 la revancha. El Atanasio Girardot servir\u00e1 de escenario. Los rojinegros saben remontar marcadores adversos. Nada se ha perdido, ni todo est\u00e1 ganado (\u00bfs\u00e9ptima m\u00e1xima futbolera?).<\/p>\n<p><strong>RAFAEL ANTONIO PAB\u00d3N<\/strong><\/p>\n<p><a href=\"mailto:rafaelpabon58@hotmail.com\"><strong>rafaelpabon58@hotmail.com<\/strong><\/a><\/p>\n","protected":false},"excerpt":{"rendered":"<p>C\u00daCUTA.- El f\u00fatbol, en su interior, guarda unas m\u00e1ximas que se aplican al pie de la letra en cada partido. Al goleador no hay que descuidarlo un segundo cerca del \u00e1rea chica, porque anota. Minuto 86. Luciano Pons marc\u00f3 el gol que tiene al Independiente Medell\u00edn arriba en la serie contra C\u00facuta Deportivo. El cuadro &hellip;<\/p>\n","protected":false},"author":1,"featured_media":39148,"comment_status":"open","ping_status":"open","sticky":false,"template":"","format":"standard","meta":{"footnotes":""},"categories":[4,28],"tags":[5541,5680,1396,1988,5599],"class_list":["post-39147","post","type-post","status-publish","format-standard","has-post-thumbnail","hentry","category-barra","category-vistazo-deportivo","tag-cucuta-deportivo-2023","tag-dim","tag-dimayor","tag-futbol-de-segunda","tag-torneo-betplay"],"_links":{"self":[{"href":"https:\/\/contraluzcucuta.co\/index.php?rest_route=\/wp\/v2\/posts\/39147","targetHints":{"allow":["GET"]}}],"collection":[{"href":"https:\/\/contraluzcucuta.co\/index.php?rest_route=\/wp\/v2\/posts"}],"about":[{"href":"https:\/\/contraluzcucuta.co\/index.php?rest_route=\/wp\/v2\/types\/post"}],"author":[{"embeddable":true,"href":"https:\/\/contraluzcucuta.co\/index.php?rest_route=\/wp\/v2\/users\/1"}],"replies":[{"embeddable":true,"href":"https:\/\/contraluzcucuta.co\/index.php?rest_route=%2Fwp%2Fv2%2Fcomments&post=39147"}],"version-history":[{"count":2,"href":"https:\/\/contraluzcucuta.co\/index.php?rest_route=\/wp\/v2\/posts\/39147\/revisions"}],"predecessor-version":[{"id":39152,"href":"https:\/\/contraluzcucuta.co\/index.php?rest_route=\/wp\/v2\/posts\/39147\/revisions\/39152"}],"wp:featuredmedia":[{"embeddable":true,"href":"https:\/\/contraluzcucuta.co\/index.php?rest_route=\/wp\/v2\/media\/39148"}],"wp:attachment":[{"href":"https:\/\/contraluzcucuta.co\/index.php?rest_route=%2Fwp%2Fv2%2Fmedia&parent=39147"}],"wp:term":[{"taxonomy":"category","embeddable":true,"href":"https:\/\/contraluzcucuta.co\/index.php?rest_route=%2Fwp%2Fv2%2Fcategories&post=39147"},{"taxonomy":"post_tag","embeddable":true,"href":"https:\/\/contraluzcucuta.co\/index.php?rest_route=%2Fwp%2Fv2%2Ftags&post=39147"}],"curies":[{"name":"wp","href":"https:\/\/api.w.org\/{rel}","templated":true}]}}