{"id":39144,"date":"2023-09-29T04:12:59","date_gmt":"2023-09-29T09:12:59","guid":{"rendered":"https:\/\/contraluzcucuta.co\/?p=39144"},"modified":"2023-09-29T04:12:59","modified_gmt":"2023-09-29T09:12:59","slug":"encuentro-de-fronteras-para-hacer-red-hay-que-enredarse","status":"publish","type":"post","link":"https:\/\/contraluzcucuta.co\/?p=39144","title":{"rendered":"ENCUENTRO DE FRONTERAS. \u201cPara hacer red hay que enredarse\u201d"},"content":{"rendered":"<p style=\"padding-left: 40px; text-align: right;\"><strong><span style=\"color: #ff9900;\">C\u00daCUTA.- Periodistas de Colombia y Venezuela participan en el \u2018Encuentro de Fronteras del Gran Santander, de lo Audiovisual a la Convergencia\u2019, organizado por la Televisi\u00f3n Regional del Oriente (Canal TRO) y el Ministerio de Tecnolog\u00edas de la Informaci\u00f3n y las Comunicaciones (MinTIC).<\/span><\/strong><\/p>\n<p>A la convocatoria est\u00e1n invitados comunicadores vinculados a medios tradicionales y digitales de C\u00facuta y de la frontera venezolana, y canales regionales de la televisi\u00f3n p\u00fablica colombiana, que abren las puertas a la integraci\u00f3n con sus similares de la zona lim\u00edtrofe.<\/p>\n<p>El objetivo del Encuentro es hallar estrategias de integraci\u00f3n y asociaci\u00f3n entre los medios audiovisuales y digitales de los dos pa\u00edses, La agenda incluye talleres, charlas, foros y paneles, programados entre el 28 y el 29 de septiembre.<\/p>\n<p>El comunicador y periodista Norman Vel\u00e1squez fue el encargado de abrir la jornada. \u201cPara hacer red hay que enredarse\u201d, dijo para alentar a los colegas a unirse y trabajar en comunidad. Detall\u00f3 las tres cualidades de Elon Musk para hacer empresa y explic\u00f3 cada paso.<\/p>\n<ul>\n<li>Primera Cualidad. Desarrollar una visi\u00f3n del futuro.<\/li>\n<li>Segunda Cualidad. Ser el primer en asumir riesgos y tomar decisiones.<\/li>\n<li>Tercera Cualidad. Crear un ambiente de colaboraci\u00f3n.<\/li>\n<\/ul>\n<p>Canal TRO y MinTIC tienen entre las metas integrar la televisi\u00f3n p\u00fablica de Colombia y Venezuela, fortalecer la industria audiovisual de la regi\u00f3n del Gran Santander, mejorar las competencias del talento humano audiovisual de los profesionales de la industria audiovisual de la regi\u00f3n, incorporar a las minor\u00edas \u00e9tnicas y ancestrales en el ecosistema audiovisual de la regi\u00f3n y abordar diversas tem\u00e1ticas de relevancia para la industria y las comunidades.<\/p>\n","protected":false},"excerpt":{"rendered":"<p>C\u00daCUTA.- Periodistas de Colombia y Venezuela participan en el \u2018Encuentro de Fronteras del Gran Santander, de lo Audiovisual a la Convergencia\u2019, organizado por la Televisi\u00f3n Regional del Oriente (Canal TRO) y el Ministerio de Tecnolog\u00edas de la Informaci\u00f3n y las Comunicaciones (MinTIC). A la convocatoria est\u00e1n invitados comunicadores vinculados a medios tradicionales y digitales de &hellip;<\/p>\n","protected":false},"author":1,"featured_media":39145,"comment_status":"open","ping_status":"open","sticky":false,"template":"","format":"standard","meta":{"footnotes":""},"categories":[4,37],"tags":[1436,5730,3458],"class_list":["post-39144","post","type-post","status-publish","format-standard","has-post-thumbnail","hentry","category-barra","category-paseo-cultural","tag-canal-tro","tag-encuentro-de-fronteras","tag-periodismo-cucuteno"],"_links":{"self":[{"href":"https:\/\/contraluzcucuta.co\/index.php?rest_route=\/wp\/v2\/posts\/39144","targetHints":{"allow":["GET"]}}],"collection":[{"href":"https:\/\/contraluzcucuta.co\/index.php?rest_route=\/wp\/v2\/posts"}],"about":[{"href":"https:\/\/contraluzcucuta.co\/index.php?rest_route=\/wp\/v2\/types\/post"}],"author":[{"embeddable":true,"href":"https:\/\/contraluzcucuta.co\/index.php?rest_route=\/wp\/v2\/users\/1"}],"replies":[{"embeddable":true,"href":"https:\/\/contraluzcucuta.co\/index.php?rest_route=%2Fwp%2Fv2%2Fcomments&post=39144"}],"version-history":[{"count":1,"href":"https:\/\/contraluzcucuta.co\/index.php?rest_route=\/wp\/v2\/posts\/39144\/revisions"}],"predecessor-version":[{"id":39146,"href":"https:\/\/contraluzcucuta.co\/index.php?rest_route=\/wp\/v2\/posts\/39144\/revisions\/39146"}],"wp:featuredmedia":[{"embeddable":true,"href":"https:\/\/contraluzcucuta.co\/index.php?rest_route=\/wp\/v2\/media\/39145"}],"wp:attachment":[{"href":"https:\/\/contraluzcucuta.co\/index.php?rest_route=%2Fwp%2Fv2%2Fmedia&parent=39144"}],"wp:term":[{"taxonomy":"category","embeddable":true,"href":"https:\/\/contraluzcucuta.co\/index.php?rest_route=%2Fwp%2Fv2%2Fcategories&post=39144"},{"taxonomy":"post_tag","embeddable":true,"href":"https:\/\/contraluzcucuta.co\/index.php?rest_route=%2Fwp%2Fv2%2Ftags&post=39144"}],"curies":[{"name":"wp","href":"https:\/\/api.w.org\/{rel}","templated":true}]}}