{"id":39118,"date":"2023-09-26T04:22:31","date_gmt":"2023-09-26T09:22:31","guid":{"rendered":"https:\/\/contraluzcucuta.co\/?p=39118"},"modified":"2023-09-26T04:22:31","modified_gmt":"2023-09-26T09:22:31","slug":"futbol-de-segunda-agudelo-volvio-a-escuchar-el-grito-goleador-goleador","status":"publish","type":"post","link":"https:\/\/contraluzcucuta.co\/?p=39118","title":{"rendered":"F\u00daTBOL DE SEGUNDA. Agudelo volvi\u00f3 a escuchar el grito \u201cgoleador, goleador\u201d"},"content":{"rendered":"<p style=\"padding-left: 40px; text-align: right;\"><strong><span style=\"color: #ff9900;\">C\u00daCUTA.- \u201cGoleador, goleador, goleador\u201d. Ese grito que eriza la piel en los estadios volvi\u00f3 a escucharse en el General Santander. Corr\u00eda el tercer minuto de los siete que agreg\u00f3 el juez central. En la tribuna se saboreaba el empate y el conformismo era denominador com\u00fan. De repente Agudelo recibe el bal\u00f3n el \u00e1rea contraria, apunta hacia el arco, dispara y la afici\u00f3n estall\u00f3 en j\u00fabilo.<\/span><\/strong><\/p>\n<p>\u00a0Jonathan acababa de anotar el s\u00e9ptimo gol del partido Contra Patriotas, el cuarto para el C\u00facuta Deportivo y el 57 en su cuenta como uno de los m\u00e1ximos anotadores de la escuadra rojinegra. La algarab\u00eda se tom\u00f3 los grader\u00edos y los escasos aficionados saltaron de alegr\u00eda. Se ganaba otro encuentro y el derrotado era el campe\u00f3n del primer Torneo.<\/p>\n<p>El partido comenz\u00f3 soso. Lunes en la tarde, d\u00eda laboral, regreso al trabajo luego del fin de semana. Pocos \u00e1nimos despertaba la jornada 13 en la capital de Norte de Santander. M\u00e1s, si se hace acuerdo de la derrota en la \u00faltima salida del cuadro cucute\u00f1o. Perdi\u00f3 (1-0) ante Boca Juniors de Cali.<\/p>\n<p><a href=\"https:\/\/contraluzcucuta.co\/wp-content\/uploads\/2023\/09\/CUCUTA-PATRIOTAS-2.jpeg\"><img loading=\"lazy\" decoding=\"async\" class=\"alignnone size-medium wp-image-39120 alignleft\" src=\"https:\/\/contraluzcucuta.co\/wp-content\/uploads\/2023\/09\/CUCUTA-PATRIOTAS-2-300x225.jpeg\" alt=\"\" width=\"300\" height=\"225\" srcset=\"https:\/\/contraluzcucuta.co\/wp-content\/uploads\/2023\/09\/CUCUTA-PATRIOTAS-2-300x225.jpeg 300w, https:\/\/contraluzcucuta.co\/wp-content\/uploads\/2023\/09\/CUCUTA-PATRIOTAS-2-600x450.jpeg 600w, https:\/\/contraluzcucuta.co\/wp-content\/uploads\/2023\/09\/CUCUTA-PATRIOTAS-2-1024x768.jpeg 1024w, https:\/\/contraluzcucuta.co\/wp-content\/uploads\/2023\/09\/CUCUTA-PATRIOTAS-2-768x576.jpeg 768w, https:\/\/contraluzcucuta.co\/wp-content\/uploads\/2023\/09\/CUCUTA-PATRIOTAS-2-1536x1152.jpeg 1536w, https:\/\/contraluzcucuta.co\/wp-content\/uploads\/2023\/09\/CUCUTA-PATRIOTAS-2.jpeg 1600w\" sizes=\"auto, (max-width: 300px) 100vw, 300px\" \/><\/a><\/p>\n<p>En un momento insospechado, penalti a favor de los locales. Kevin \u00c1lvarez reclama el cobro, lo ejecuta al palo derecho del portero visitante y abri\u00f3 el marcador. 1 \u2013 0. Trece minutos del primer tiempo.<\/p>\n<p>La alegr\u00eda en las tribunas solo dur\u00f3 cinco minutos. Tiempo suficiente para degustar una paleta. Santiago C\u00f3rdoba agu\u00f3 la fiesta. 1 \u2013 1. Y repiti\u00f3 a los 42 minutos para dejar que los hinchas, desconsolados por el marcador, vivieran el receso en medio de la amargura.<\/p>\n<p>Peralta, hoy titular, demostr\u00f3 por qu\u00e9 es el suplente de Agudelo en la funci\u00f3n de anotador. A 10 minutos de comenzada la segunda parte empat\u00f3. 2 \u2013 2. Pero los patriotas no ven\u00edan de paseo. Cinco minutos despu\u00e9s Sebasti\u00e1n Ayala venci\u00f3 al argentino Mastrol\u00eda. 3 \u2013 2.<\/p>\n<p>Lucas R\u00edos y Jonathan Agudelo ingresaron en el segundo tiempo. El 10 igual\u00f3 el marcador a los 88 minutos. 3 \u2013 3. Y despej\u00f3 el camino para que el goleador hiciera lo suyo. Minuto 93, cuarto gol del C\u00facuta Deportivo, para poner cifras finales. 4 \u2013 3.<\/p>\n<p>Despu\u00e9s ocurri\u00f3 lo grotesco. Ese espect\u00e1culo negativo que protagonizan los malos perdedores. Patriotas, mientras ganaba gozaba, gastaba tiempo, hac\u00eda ro\u00f1a. Al verse vencido dej\u00f3 una imagen negativa en el General. L\u00e1stima.<\/p>\n<p>RAFAEL ANTONIO PAB\u00d3N<\/p>\n<p><a href=\"mailto:rafaelpabon58@hotmail.com\">rafaelpabon58@hotmail.com<\/a><\/p>\n","protected":false},"excerpt":{"rendered":"<p>C\u00daCUTA.- \u201cGoleador, goleador, goleador\u201d. Ese grito que eriza la piel en los estadios volvi\u00f3 a escucharse en el General Santander. Corr\u00eda el tercer minuto de los siete que agreg\u00f3 el juez central. En la tribuna se saboreaba el empate y el conformismo era denominador com\u00fan. De repente Agudelo recibe el bal\u00f3n el \u00e1rea contraria, apunta &hellip;<\/p>\n","protected":false},"author":1,"featured_media":39119,"comment_status":"open","ping_status":"open","sticky":false,"template":"","format":"standard","meta":{"footnotes":""},"categories":[4,28],"tags":[581,5541,5554],"class_list":["post-39118","post","type-post","status-publish","format-standard","has-post-thumbnail","hentry","category-barra","category-vistazo-deportivo","tag-cucuta-patriotas","tag-cucuta-deportivo-2023","tag-jonathan-agudelo"],"_links":{"self":[{"href":"https:\/\/contraluzcucuta.co\/index.php?rest_route=\/wp\/v2\/posts\/39118","targetHints":{"allow":["GET"]}}],"collection":[{"href":"https:\/\/contraluzcucuta.co\/index.php?rest_route=\/wp\/v2\/posts"}],"about":[{"href":"https:\/\/contraluzcucuta.co\/index.php?rest_route=\/wp\/v2\/types\/post"}],"author":[{"embeddable":true,"href":"https:\/\/contraluzcucuta.co\/index.php?rest_route=\/wp\/v2\/users\/1"}],"replies":[{"embeddable":true,"href":"https:\/\/contraluzcucuta.co\/index.php?rest_route=%2Fwp%2Fv2%2Fcomments&post=39118"}],"version-history":[{"count":1,"href":"https:\/\/contraluzcucuta.co\/index.php?rest_route=\/wp\/v2\/posts\/39118\/revisions"}],"predecessor-version":[{"id":39121,"href":"https:\/\/contraluzcucuta.co\/index.php?rest_route=\/wp\/v2\/posts\/39118\/revisions\/39121"}],"wp:featuredmedia":[{"embeddable":true,"href":"https:\/\/contraluzcucuta.co\/index.php?rest_route=\/wp\/v2\/media\/39119"}],"wp:attachment":[{"href":"https:\/\/contraluzcucuta.co\/index.php?rest_route=%2Fwp%2Fv2%2Fmedia&parent=39118"}],"wp:term":[{"taxonomy":"category","embeddable":true,"href":"https:\/\/contraluzcucuta.co\/index.php?rest_route=%2Fwp%2Fv2%2Fcategories&post=39118"},{"taxonomy":"post_tag","embeddable":true,"href":"https:\/\/contraluzcucuta.co\/index.php?rest_route=%2Fwp%2Fv2%2Ftags&post=39118"}],"curies":[{"name":"wp","href":"https:\/\/api.w.org\/{rel}","templated":true}]}}