{"id":39113,"date":"2023-09-26T04:12:16","date_gmt":"2023-09-26T09:12:16","guid":{"rendered":"https:\/\/contraluzcucuta.co\/?p=39113"},"modified":"2023-09-26T04:12:16","modified_gmt":"2023-09-26T09:12:16","slug":"candidatos-la-perla-del-norte-volvera-a-brillar-carlos-jaimes","status":"publish","type":"post","link":"https:\/\/contraluzcucuta.co\/?p=39113","title":{"rendered":"CANDIDATOS. La perla del Norte volver\u00e1 a brillar: Carlos Jaimes"},"content":{"rendered":"<p style=\"padding-left: 40px; text-align: right;\"><strong><span style=\"color: #ff9900;\">C\u00daCUTA.- Carlos Alberto Jaimes, candidato a la Alcald\u00eda de C\u00facuta por el Partido Dem\u00f3crata Colombiano, tiene 45 a\u00f1os, la experiencia del trabajo cumplido en las corporaciones p\u00fablicas y la intenci\u00f3n de hacer brillar de nuevo a la perla del Norte.<\/span><\/strong><\/p>\n<p>El programa de gobierno que les presenta a los cucute\u00f1os lo dividi\u00f3 en tres Ejes program\u00e1ticos, cada uno con sus estrategias, para ejecutarlo en los cuatro a\u00f1os que est\u00e9 al frente de la ciudad.<\/p>\n<p><strong>Eje 1: Fortalecimiento institucional:<\/strong><\/p>\n<p>Estrategia 1: C\u00facuta segura:<\/p>\n<p>Haremos de C\u00facuta la ciudad capital m\u00e1s segura del pa\u00eds. Mi compromiso es sacar a la ciudad del deshonroso ranquin de las 50 ciudades m\u00e1s peligrosas del planeta, transform\u00e1ndola en la ciudad capital m\u00e1s segura del pa\u00eds, en defensa de la vida, integridad f\u00edsica y patrimonio de los cucute\u00f1os.<\/p>\n<p>Estrategia 2: lucha frontal contra la corrupci\u00f3n<\/p>\n<p>Ning\u00fan empleado p\u00fablico de la administraci\u00f3n debe recibir dadivas por el cumplimiento de sus funciones.<\/p>\n<p><a href=\"https:\/\/contraluzcucuta.co\/wp-content\/uploads\/2023\/09\/CARLOS-JAIMES-4.jpg\"><img loading=\"lazy\" decoding=\"async\" class=\"alignnone size-medium wp-image-39115 alignleft\" src=\"https:\/\/contraluzcucuta.co\/wp-content\/uploads\/2023\/09\/CARLOS-JAIMES-4-300x300.jpg\" alt=\"\" width=\"300\" height=\"300\" srcset=\"https:\/\/contraluzcucuta.co\/wp-content\/uploads\/2023\/09\/CARLOS-JAIMES-4-300x300.jpg 300w, https:\/\/contraluzcucuta.co\/wp-content\/uploads\/2023\/09\/CARLOS-JAIMES-4-100x100.jpg 100w, https:\/\/contraluzcucuta.co\/wp-content\/uploads\/2023\/09\/CARLOS-JAIMES-4-600x600.jpg 600w, https:\/\/contraluzcucuta.co\/wp-content\/uploads\/2023\/09\/CARLOS-JAIMES-4-1024x1024.jpg 1024w, https:\/\/contraluzcucuta.co\/wp-content\/uploads\/2023\/09\/CARLOS-JAIMES-4-150x150.jpg 150w, https:\/\/contraluzcucuta.co\/wp-content\/uploads\/2023\/09\/CARLOS-JAIMES-4-768x768.jpg 768w, https:\/\/contraluzcucuta.co\/wp-content\/uploads\/2023\/09\/CARLOS-JAIMES-4.jpg 1280w\" sizes=\"auto, (max-width: 300px) 100vw, 300px\" \/><\/a><\/p>\n<p>Estrategia 3: C\u00facuta deportiva.<\/p>\n<p>Construir la Villa Deportiva en las antiguas instalaciones del Matadero Municipal, en Sevilla. Conect\u00e1ndola con senderos peatonales, que posiblemente pueda ser a\u00e9reo, con el Coliseo Eustorgio Colmenares, para que termine siendo un \u00fanico complejo deportivo.<\/p>\n<p>Estrategia 4: C\u00facuta educada<\/p>\n<p>Lograr que el Centro Tecnol\u00f3gico de C\u00facuta escale a universidad aut\u00f3noma. Para ello se requiere ampliar la infraestructura f\u00edsica, la dotaci\u00f3n y la capacidad operativa. Mientras se construye el campus universitario, se apoyar\u00e1 en la infraestructura de algunos colegios p\u00fablicos.<\/p>\n<p>Estrategia 5: C\u00facuta saludable<\/p>\n<p>El Hospital local ser\u00eda especializado en mediana complejidad con servicios de urgencias y hospitalizaci\u00f3n en medicina general, imagenolog\u00eda, laboratorio cl\u00ednico y los programas de vacunaci\u00f3n, planes de intervenciones colectivas y otros de atenci\u00f3n fundamental.<\/p>\n<p><strong>Eje 2: Desarrollo econ\u00f3mico<\/strong><\/p>\n<p>Estrategia 1: C\u00facuta competitiva<\/p>\n<p>Estrategia 2: C\u00facuta sostenible<\/p>\n<p>Estrategia 3: C\u00facuta tur\u00edstica<\/p>\n<p><a href=\"https:\/\/contraluzcucuta.co\/wp-content\/uploads\/2023\/09\/CARLOS-JAIMES-5.jpg\"><img loading=\"lazy\" decoding=\"async\" class=\"alignnone size-medium wp-image-39116 alignleft\" src=\"https:\/\/contraluzcucuta.co\/wp-content\/uploads\/2023\/09\/CARLOS-JAIMES-5-300x300.jpg\" alt=\"\" width=\"300\" height=\"300\" srcset=\"https:\/\/contraluzcucuta.co\/wp-content\/uploads\/2023\/09\/CARLOS-JAIMES-5-300x300.jpg 300w, https:\/\/contraluzcucuta.co\/wp-content\/uploads\/2023\/09\/CARLOS-JAIMES-5-100x100.jpg 100w, https:\/\/contraluzcucuta.co\/wp-content\/uploads\/2023\/09\/CARLOS-JAIMES-5-600x600.jpg 600w, https:\/\/contraluzcucuta.co\/wp-content\/uploads\/2023\/09\/CARLOS-JAIMES-5-1024x1024.jpg 1024w, https:\/\/contraluzcucuta.co\/wp-content\/uploads\/2023\/09\/CARLOS-JAIMES-5-150x150.jpg 150w, https:\/\/contraluzcucuta.co\/wp-content\/uploads\/2023\/09\/CARLOS-JAIMES-5-768x768.jpg 768w, https:\/\/contraluzcucuta.co\/wp-content\/uploads\/2023\/09\/CARLOS-JAIMES-5.jpg 1280w\" sizes=\"auto, (max-width: 300px) 100vw, 300px\" \/><\/a><\/p>\n<p><strong>Eje 3: C\u00facuta social<\/strong><\/p>\n<p>Estrategia 1: Servicios p\u00fablicos dignos y justos.<\/p>\n<p>Estrategia 2: C\u00facuta incluyente<\/p>\n<p>Estrategia 3: C\u00facuta cultural<\/p>\n<p>Estrategia 4: C\u00facuta m\u00f3vil<\/p>\n<p>Estrategia 4: C\u00facuta urbanizada<\/p>\n","protected":false},"excerpt":{"rendered":"<p>C\u00daCUTA.- Carlos Alberto Jaimes, candidato a la Alcald\u00eda de C\u00facuta por el Partido Dem\u00f3crata Colombiano, tiene 45 a\u00f1os, la experiencia del trabajo cumplido en las corporaciones p\u00fablicas y la intenci\u00f3n de hacer brillar de nuevo a la perla del Norte. El programa de gobierno que les presenta a los cucute\u00f1os lo dividi\u00f3 en tres Ejes &hellip;<\/p>\n","protected":false},"author":1,"featured_media":39114,"comment_status":"open","ping_status":"open","sticky":false,"template":"","format":"standard","meta":{"footnotes":""},"categories":[4,9],"tags":[2314,5722],"class_list":["post-39113","post","type-post","status-publish","format-standard","has-post-thumbnail","hentry","category-barra","category-politica","tag-candidato-a-la-alcaldia","tag-carlos-jaimes"],"_links":{"self":[{"href":"https:\/\/contraluzcucuta.co\/index.php?rest_route=\/wp\/v2\/posts\/39113","targetHints":{"allow":["GET"]}}],"collection":[{"href":"https:\/\/contraluzcucuta.co\/index.php?rest_route=\/wp\/v2\/posts"}],"about":[{"href":"https:\/\/contraluzcucuta.co\/index.php?rest_route=\/wp\/v2\/types\/post"}],"author":[{"embeddable":true,"href":"https:\/\/contraluzcucuta.co\/index.php?rest_route=\/wp\/v2\/users\/1"}],"replies":[{"embeddable":true,"href":"https:\/\/contraluzcucuta.co\/index.php?rest_route=%2Fwp%2Fv2%2Fcomments&post=39113"}],"version-history":[{"count":1,"href":"https:\/\/contraluzcucuta.co\/index.php?rest_route=\/wp\/v2\/posts\/39113\/revisions"}],"predecessor-version":[{"id":39117,"href":"https:\/\/contraluzcucuta.co\/index.php?rest_route=\/wp\/v2\/posts\/39113\/revisions\/39117"}],"wp:featuredmedia":[{"embeddable":true,"href":"https:\/\/contraluzcucuta.co\/index.php?rest_route=\/wp\/v2\/media\/39114"}],"wp:attachment":[{"href":"https:\/\/contraluzcucuta.co\/index.php?rest_route=%2Fwp%2Fv2%2Fmedia&parent=39113"}],"wp:term":[{"taxonomy":"category","embeddable":true,"href":"https:\/\/contraluzcucuta.co\/index.php?rest_route=%2Fwp%2Fv2%2Fcategories&post=39113"},{"taxonomy":"post_tag","embeddable":true,"href":"https:\/\/contraluzcucuta.co\/index.php?rest_route=%2Fwp%2Fv2%2Ftags&post=39113"}],"curies":[{"name":"wp","href":"https:\/\/api.w.org\/{rel}","templated":true}]}}