{"id":39110,"date":"2023-09-26T04:04:28","date_gmt":"2023-09-26T09:04:28","guid":{"rendered":"https:\/\/contraluzcucuta.co\/?p=39110"},"modified":"2023-09-26T04:04:28","modified_gmt":"2023-09-26T09:04:28","slug":"emergencia-en-el-tarrita-trabajos-en-la-recta-final","status":"publish","type":"post","link":"https:\/\/contraluzcucuta.co\/?p=39110","title":{"rendered":"EMERGENCIA EN EL TARRITA. Trabajos en la recta final"},"content":{"rendered":"<p style=\"padding-left: 40px; text-align: right;\"><strong><span style=\"color: #ff9900;\">C\u00daCUTA.- El Instituto Nacional de V\u00edas (Inv\u00edas), con apoyo del Comando de Ingenieros Militares, est\u00e1 en la recta final de las actividades para poner en funcionamiento el segundo punto cr\u00edtico, sector El Tarrita, afectado por una avalancha en el corredor vial Oca\u00f1a-Sardinata.<\/span><\/strong><\/p>\n<p>El compromiso de la entidad es recuperar la transitabilidad de la v\u00eda y dar paso de manera segura a los transportadores y a la poblaci\u00f3n, en los pr\u00f3ximos d\u00edas, con el prop\u00f3sito de reactivar la v\u00eda Oca\u00f1a \u2013 C\u00facuta.<\/p>\n<p>El Instituto avanza en las actividades de construcci\u00f3n de los dos terraplenes para el acceso adecuado de los veh\u00edculos que transiten por el puente met\u00e1lico. El Comando de Ingenieros Militares tambi\u00e9n est\u00e1 cerca de finalizar su instalaci\u00f3n.<\/p>\n<p>Inv\u00edas ratifica el compromiso con las poblaciones necesitadas y busca dinamizar la econom\u00eda regional y llevar justicia social para todos y todas.<\/p>\n","protected":false},"excerpt":{"rendered":"<p>C\u00daCUTA.- El Instituto Nacional de V\u00edas (Inv\u00edas), con apoyo del Comando de Ingenieros Militares, est\u00e1 en la recta final de las actividades para poner en funcionamiento el segundo punto cr\u00edtico, sector El Tarrita, afectado por una avalancha en el corredor vial Oca\u00f1a-Sardinata. El compromiso de la entidad es recuperar la transitabilidad de la v\u00eda y &hellip;<\/p>\n","protected":false},"author":1,"featured_media":39111,"comment_status":"open","ping_status":"open","sticky":false,"template":"","format":"standard","meta":{"footnotes":""},"categories":[4,36],"tags":[5721,5704],"class_list":["post-39110","post","type-post","status-publish","format-standard","has-post-thumbnail","hentry","category-barra","category-la-voz-del-pueblo","tag-al-voz-del-pueblo","tag-emergencia-en-el-tarrita"],"_links":{"self":[{"href":"https:\/\/contraluzcucuta.co\/index.php?rest_route=\/wp\/v2\/posts\/39110","targetHints":{"allow":["GET"]}}],"collection":[{"href":"https:\/\/contraluzcucuta.co\/index.php?rest_route=\/wp\/v2\/posts"}],"about":[{"href":"https:\/\/contraluzcucuta.co\/index.php?rest_route=\/wp\/v2\/types\/post"}],"author":[{"embeddable":true,"href":"https:\/\/contraluzcucuta.co\/index.php?rest_route=\/wp\/v2\/users\/1"}],"replies":[{"embeddable":true,"href":"https:\/\/contraluzcucuta.co\/index.php?rest_route=%2Fwp%2Fv2%2Fcomments&post=39110"}],"version-history":[{"count":1,"href":"https:\/\/contraluzcucuta.co\/index.php?rest_route=\/wp\/v2\/posts\/39110\/revisions"}],"predecessor-version":[{"id":39112,"href":"https:\/\/contraluzcucuta.co\/index.php?rest_route=\/wp\/v2\/posts\/39110\/revisions\/39112"}],"wp:featuredmedia":[{"embeddable":true,"href":"https:\/\/contraluzcucuta.co\/index.php?rest_route=\/wp\/v2\/media\/39111"}],"wp:attachment":[{"href":"https:\/\/contraluzcucuta.co\/index.php?rest_route=%2Fwp%2Fv2%2Fmedia&parent=39110"}],"wp:term":[{"taxonomy":"category","embeddable":true,"href":"https:\/\/contraluzcucuta.co\/index.php?rest_route=%2Fwp%2Fv2%2Fcategories&post=39110"},{"taxonomy":"post_tag","embeddable":true,"href":"https:\/\/contraluzcucuta.co\/index.php?rest_route=%2Fwp%2Fv2%2Ftags&post=39110"}],"curies":[{"name":"wp","href":"https:\/\/api.w.org\/{rel}","templated":true}]}}