{"id":39105,"date":"2023-09-25T05:01:01","date_gmt":"2023-09-25T10:01:01","guid":{"rendered":"https:\/\/contraluzcucuta.co\/?p=39105"},"modified":"2023-09-25T05:01:01","modified_gmt":"2023-09-25T10:01:01","slug":"cucutena-en-el-exterior-la-busqueda-imparable-por-encontrarme","status":"publish","type":"post","link":"https:\/\/contraluzcucuta.co\/?p=39105","title":{"rendered":"CUCUTE\u00d1A EN EL EXTERIOR. \u00a0La b\u00fasqueda imparable por encontrarme"},"content":{"rendered":"<p style=\"padding-left: 40px; text-align: right;\"><strong><span style=\"color: #ff9900;\">MELBOURNE \u2013 Australia.- Hace m\u00e1s de 2 meses empaqu\u00e9 mis maletas, dej\u00e9 a mis seres queridos y tom\u00e9 el vuelo con destino a Australia en busca de mejores oportunidades, aprender un nuevo idioma y vivir nuevas experiencias. El motivo de este viaje comenz\u00f3 como la b\u00fasqueda imparable por encontrarme y descubrir qu\u00e9 quiero ser en la vida.<\/span><\/strong><\/p>\n<p>La ciudad destino elegida fue Melbourne, en el estado de Victoria, ciudad llena de vida con gran variedad de plazas, bares y restaurantes, junto al r\u00edo Yarra. Desde el primer momento, el llegar fue impactante y no niego que intimidante. Pero, con el pasar de los d\u00edas, el caminar por las calles de la City, que es como se le dice a la parte central de Melbourne, se ha convertido en todo un placer.<\/p>\n<p>De primera impresi\u00f3n, es una ciudad enorme, llena de gigantes rascacielos. Los habitantes son amables y brindan una c\u00e1lida bienvenida. La interculturalidad aqu\u00ed es amplia, puede verse desde el barrio chino hasta restaurantes de comida turca. Puede conocerse variedad de nacionalidades, lo que es de las vivencias que me gustan de estar aqu\u00ed. No solo es tener la oportunidad de practicar esta nueva lengua que estoy aprendiendo, sino tambi\u00e9n tener la oportunidad de aprender acerca de otras culturas y compartir la m\u00eda.<\/p>\n<p><a href=\"https:\/\/contraluzcucuta.co\/wp-content\/uploads\/2023\/09\/KARINA-CARRANZA-4.jpeg\"><img loading=\"lazy\" decoding=\"async\" class=\"size-medium wp-image-39107 alignleft\" src=\"https:\/\/contraluzcucuta.co\/wp-content\/uploads\/2023\/09\/KARINA-CARRANZA-4-225x300.jpeg\" alt=\"\" width=\"225\" height=\"300\" srcset=\"https:\/\/contraluzcucuta.co\/wp-content\/uploads\/2023\/09\/KARINA-CARRANZA-4-225x300.jpeg 225w, https:\/\/contraluzcucuta.co\/wp-content\/uploads\/2023\/09\/KARINA-CARRANZA-4-600x800.jpeg 600w, https:\/\/contraluzcucuta.co\/wp-content\/uploads\/2023\/09\/KARINA-CARRANZA-4.jpeg 768w\" sizes=\"auto, (max-width: 225px) 100vw, 225px\" \/><\/a><\/p>\n<p>En cuanto a otros aspectos para destacar de la ciudad, son la seguridad y el trasporte p\u00fablico. Fue un choque llegar y sacar el tel\u00e9fono celular en la calle sin miedo, o caminar en la madrugada y no sentir temor. Efectivamente, eso es lo normal aqu\u00ed. En cuanto al trasporte p\u00fablico, en t\u00e9rminos generales, me parece que cumple su funci\u00f3n.<\/p>\n<p>En lo negativo, podr\u00eda decir que no me agrada tanto el clima. Si bien en Australia est\u00e1n las cuatro estaciones marcadas, el clima de Melbourne es tan cambiante que siempre hay que salir de casa para que el d\u00eda empiece soleado y termine en lluvia o para que est\u00e9 supernublado y gris, y luego salga un bello sol que calienta al m\u00e1ximo.<\/p>\n<p>A pesar de esto, puedo decir que en dos meses esta ciudad me tiene enamorada y estoy ansiosa por seguir conoci\u00e9ndola.<\/p>\n<p><strong>MAR\u00cdA KARINA CARRANZA GODOY<\/strong><\/p>\n","protected":false},"excerpt":{"rendered":"<p>MELBOURNE \u2013 Australia.- Hace m\u00e1s de 2 meses empaqu\u00e9 mis maletas, dej\u00e9 a mis seres queridos y tom\u00e9 el vuelo con destino a Australia en busca de mejores oportunidades, aprender un nuevo idioma y vivir nuevas experiencias. El motivo de este viaje comenz\u00f3 como la b\u00fasqueda imparable por encontrarme y descubrir qu\u00e9 quiero ser en &hellip;<\/p>\n","protected":false},"author":1,"featured_media":39106,"comment_status":"open","ping_status":"open","sticky":false,"template":"","format":"standard","meta":{"footnotes":""},"categories":[4,168],"tags":[2324,5719,5720],"class_list":["post-39105","post","type-post","status-publish","format-standard","has-post-thumbnail","hentry","category-barra","category-los-que-estan-afuera","tag-cucutenos-en-el-mundo","tag-los-que-estan-afuera","tag-maria-karina-carranza"],"_links":{"self":[{"href":"https:\/\/contraluzcucuta.co\/index.php?rest_route=\/wp\/v2\/posts\/39105","targetHints":{"allow":["GET"]}}],"collection":[{"href":"https:\/\/contraluzcucuta.co\/index.php?rest_route=\/wp\/v2\/posts"}],"about":[{"href":"https:\/\/contraluzcucuta.co\/index.php?rest_route=\/wp\/v2\/types\/post"}],"author":[{"embeddable":true,"href":"https:\/\/contraluzcucuta.co\/index.php?rest_route=\/wp\/v2\/users\/1"}],"replies":[{"embeddable":true,"href":"https:\/\/contraluzcucuta.co\/index.php?rest_route=%2Fwp%2Fv2%2Fcomments&post=39105"}],"version-history":[{"count":1,"href":"https:\/\/contraluzcucuta.co\/index.php?rest_route=\/wp\/v2\/posts\/39105\/revisions"}],"predecessor-version":[{"id":39108,"href":"https:\/\/contraluzcucuta.co\/index.php?rest_route=\/wp\/v2\/posts\/39105\/revisions\/39108"}],"wp:featuredmedia":[{"embeddable":true,"href":"https:\/\/contraluzcucuta.co\/index.php?rest_route=\/wp\/v2\/media\/39106"}],"wp:attachment":[{"href":"https:\/\/contraluzcucuta.co\/index.php?rest_route=%2Fwp%2Fv2%2Fmedia&parent=39105"}],"wp:term":[{"taxonomy":"category","embeddable":true,"href":"https:\/\/contraluzcucuta.co\/index.php?rest_route=%2Fwp%2Fv2%2Fcategories&post=39105"},{"taxonomy":"post_tag","embeddable":true,"href":"https:\/\/contraluzcucuta.co\/index.php?rest_route=%2Fwp%2Fv2%2Ftags&post=39105"}],"curies":[{"name":"wp","href":"https:\/\/api.w.org\/{rel}","templated":true}]}}