{"id":39074,"date":"2023-09-21T19:21:09","date_gmt":"2023-09-22T00:21:09","guid":{"rendered":"https:\/\/contraluzcucuta.co\/?p=39074"},"modified":"2023-09-21T19:22:09","modified_gmt":"2023-09-22T00:22:09","slug":"salud-publica-semana-epidemiologica-35-2494-casos-de-dengue-en-norte-de-santander","status":"publish","type":"post","link":"https:\/\/contraluzcucuta.co\/?p=39074","title":{"rendered":"SALUD P\u00daBLICA. Semana epidemiol\u00f3gica 35, 2494 casos de dengue, en Norte de Santander"},"content":{"rendered":"<p style=\"padding-left: 40px; text-align: right;\"><strong><span style=\"color: #ff9900;\">C\u00daCUTA.- \u201cTenemos 2,1 % de afectaciones (52 casos) de dengue grave; 43,6 % (1087 casos) de dengue con signos de alarma, y 54,3 % (1355 casos) de dengue sin signos de alarma\u201d, explic\u00f3 Carlos Mart\u00ednez, director del Instituto Departamental de Salud.<\/span><\/strong><\/p>\n<p>En la presentaci\u00f3n de las cifras actuales de contagio por dengue, adem\u00e1s del \u00e9nfasis en hombre y mujeres, preocupa la afectaci\u00f3n leve a embarazadas. \u201cHemos venido atendiendo las indicaciones del ministerio de Salud y Protecci\u00f3n Social, en vigilancia en salud p\u00fablica y epidemiol\u00f3gica\u201d, dijo Mart\u00ednez.<\/p>\n<figure id=\"attachment_39076\" aria-describedby=\"caption-attachment-39076\" style=\"width: 300px\" class=\"wp-caption alignleft\"><a href=\"https:\/\/contraluzcucuta.co\/wp-content\/uploads\/2023\/09\/DENGUE-2.jpg\"><img loading=\"lazy\" decoding=\"async\" class=\"size-medium wp-image-39076\" src=\"https:\/\/contraluzcucuta.co\/wp-content\/uploads\/2023\/09\/DENGUE-2-300x205.jpg\" alt=\"\" width=\"300\" height=\"205\" srcset=\"https:\/\/contraluzcucuta.co\/wp-content\/uploads\/2023\/09\/DENGUE-2-300x205.jpg 300w, https:\/\/contraluzcucuta.co\/wp-content\/uploads\/2023\/09\/DENGUE-2-600x409.jpg 600w, https:\/\/contraluzcucuta.co\/wp-content\/uploads\/2023\/09\/DENGUE-2-1024x699.jpg 1024w, https:\/\/contraluzcucuta.co\/wp-content\/uploads\/2023\/09\/DENGUE-2-768x524.jpg 768w, https:\/\/contraluzcucuta.co\/wp-content\/uploads\/2023\/09\/DENGUE-2-1536x1048.jpg 1536w, https:\/\/contraluzcucuta.co\/wp-content\/uploads\/2023\/09\/DENGUE-2-110x75.jpg 110w, https:\/\/contraluzcucuta.co\/wp-content\/uploads\/2023\/09\/DENGUE-2.jpg 1800w\" sizes=\"auto, (max-width: 300px) 100vw, 300px\" \/><\/a><figcaption id=\"caption-attachment-39076\" class=\"wp-caption-text\">Foto: CDC<\/figcaption><\/figure>\n<p>El IDS ha emprendido campa\u00f1as en el departamento para mitigar la presencia de la enfermedad. C\u00facuta tiene una afectaci\u00f3n mayor por casos de dengue, seguido por Tib\u00fa, Oca\u00f1a y Pamplona. \u201cVilla del Rosario genera una condici\u00f3n especial de vigilancia\u201d.<\/p>\n<p>En las jornadas con la poblaci\u00f3n se avanza en la eliminaci\u00f3n de los focos residuales que favorezcan la reproducci\u00f3n del mosquito vector. En ese acompa\u00f1amiento a la comunidad participan los equipos del Instituto Departamental, en los 40 municipios para mitigar los efectos de la afectaci\u00f3n por dengue.<\/p>\n","protected":false},"excerpt":{"rendered":"<p>C\u00daCUTA.- \u201cTenemos 2,1 % de afectaciones (52 casos) de dengue grave; 43,6 % (1087 casos) de dengue con signos de alarma, y 54,3 % (1355 casos) de dengue sin signos de alarma\u201d, explic\u00f3 Carlos Mart\u00ednez, director del Instituto Departamental de Salud. En la presentaci\u00f3n de las cifras actuales de contagio por dengue, adem\u00e1s del \u00e9nfasis &hellip;<\/p>\n","protected":false},"author":1,"featured_media":39075,"comment_status":"open","ping_status":"open","sticky":false,"template":"","format":"standard","meta":{"footnotes":""},"categories":[4,6],"tags":[4470,1468],"class_list":["post-39074","post","type-post","status-publish","format-standard","has-post-thumbnail","hentry","category-barra","category-ojo-avizor","tag-dengue-en-norte-de-santander","tag-ids"],"_links":{"self":[{"href":"https:\/\/contraluzcucuta.co\/index.php?rest_route=\/wp\/v2\/posts\/39074","targetHints":{"allow":["GET"]}}],"collection":[{"href":"https:\/\/contraluzcucuta.co\/index.php?rest_route=\/wp\/v2\/posts"}],"about":[{"href":"https:\/\/contraluzcucuta.co\/index.php?rest_route=\/wp\/v2\/types\/post"}],"author":[{"embeddable":true,"href":"https:\/\/contraluzcucuta.co\/index.php?rest_route=\/wp\/v2\/users\/1"}],"replies":[{"embeddable":true,"href":"https:\/\/contraluzcucuta.co\/index.php?rest_route=%2Fwp%2Fv2%2Fcomments&post=39074"}],"version-history":[{"count":1,"href":"https:\/\/contraluzcucuta.co\/index.php?rest_route=\/wp\/v2\/posts\/39074\/revisions"}],"predecessor-version":[{"id":39077,"href":"https:\/\/contraluzcucuta.co\/index.php?rest_route=\/wp\/v2\/posts\/39074\/revisions\/39077"}],"wp:featuredmedia":[{"embeddable":true,"href":"https:\/\/contraluzcucuta.co\/index.php?rest_route=\/wp\/v2\/media\/39075"}],"wp:attachment":[{"href":"https:\/\/contraluzcucuta.co\/index.php?rest_route=%2Fwp%2Fv2%2Fmedia&parent=39074"}],"wp:term":[{"taxonomy":"category","embeddable":true,"href":"https:\/\/contraluzcucuta.co\/index.php?rest_route=%2Fwp%2Fv2%2Fcategories&post=39074"},{"taxonomy":"post_tag","embeddable":true,"href":"https:\/\/contraluzcucuta.co\/index.php?rest_route=%2Fwp%2Fv2%2Ftags&post=39074"}],"curies":[{"name":"wp","href":"https:\/\/api.w.org\/{rel}","templated":true}]}}