{"id":39065,"date":"2023-09-20T18:31:27","date_gmt":"2023-09-20T23:31:27","guid":{"rendered":"https:\/\/contraluzcucuta.co\/?p=39065"},"modified":"2023-09-20T18:32:24","modified_gmt":"2023-09-20T23:32:24","slug":"avenida-del-rio-habitantes-de-la-calle-han-provocado-incendios","status":"publish","type":"post","link":"https:\/\/contraluzcucuta.co\/?p=39065","title":{"rendered":"AVENIDA DEL R\u00cdO. Habitantes de la calle han provocado incendios"},"content":{"rendered":"<p style=\"padding-left: 40px; text-align: right;\"><strong><span style=\"color: #ff9900;\">C\u00daCUTA.- En las \u00faltimas semanas han ocurrido varios incendios en inmediaciones de la Avenida del R\u00edo, el barrio San Mart\u00edn, las v\u00edas a San Faustino y Puerto Santander, un trayecto de El Malec\u00f3n, San Pedro y El P\u00f3rtico. En la mayor\u00eda de casos la mano del hombre es la causa principal.<\/span><\/strong><\/p>\n<figure id=\"attachment_39067\" aria-describedby=\"caption-attachment-39067\" style=\"width: 300px\" class=\"wp-caption alignleft\"><a href=\"https:\/\/contraluzcucuta.co\/wp-content\/uploads\/2023\/09\/INCENDIOS-1.jpeg\"><img loading=\"lazy\" decoding=\"async\" class=\"size-medium wp-image-39067\" src=\"https:\/\/contraluzcucuta.co\/wp-content\/uploads\/2023\/09\/INCENDIOS-1-300x225.jpeg\" alt=\"\" width=\"300\" height=\"225\" srcset=\"https:\/\/contraluzcucuta.co\/wp-content\/uploads\/2023\/09\/INCENDIOS-1-300x225.jpeg 300w, https:\/\/contraluzcucuta.co\/wp-content\/uploads\/2023\/09\/INCENDIOS-1-600x450.jpeg 600w, https:\/\/contraluzcucuta.co\/wp-content\/uploads\/2023\/09\/INCENDIOS-1-1024x768.jpeg 1024w, https:\/\/contraluzcucuta.co\/wp-content\/uploads\/2023\/09\/INCENDIOS-1-768x576.jpeg 768w, https:\/\/contraluzcucuta.co\/wp-content\/uploads\/2023\/09\/INCENDIOS-1-1536x1152.jpeg 1536w, https:\/\/contraluzcucuta.co\/wp-content\/uploads\/2023\/09\/INCENDIOS-1.jpeg 1600w\" sizes=\"auto, (max-width: 300px) 100vw, 300px\" \/><\/a><figcaption id=\"caption-attachment-39067\" class=\"wp-caption-text\"><em>Foto: Cuerpo de Bomberos C\u00facuta<\/em><\/figcaption><\/figure>\n<p>El teniente Carlos Monsalve, comandante del Cuerpos de Bomberos de C\u00facuta, present\u00f3 el balance y dijo que el trabajo ha sido arduo. \u201cEn la Avenida del R\u00edo, hemos escuchado, que los habitantes de calle hacen cambuches para descansar y entre ellos hay discordias, y meten candela para correr a los otros\u201d.<\/p>\n<p>Las temperaturas altas en la ciudad tambi\u00e9n afectan y pueden ser causa de las quemas de maleza. Para atender estas emergencias el Cuerpo de Bomberos cuenta con 15 m\u00e1quinas, entre apagafuegos, de rescate y camionetas de transporte del personal. Ochenta hombres y mujeres est\u00e1n en n\u00f3mina de la instituci\u00f3n, m\u00e1s los voluntarios que cumplen tareas espec\u00edficas los domingos.<\/p>\n<p>&nbsp;<\/p>\n<p>&nbsp;<\/p>\n<figure id=\"attachment_39068\" aria-describedby=\"caption-attachment-39068\" style=\"width: 300px\" class=\"wp-caption alignleft\"><a href=\"https:\/\/contraluzcucuta.co\/wp-content\/uploads\/2023\/09\/INCENDIOS-2.jpeg\"><img loading=\"lazy\" decoding=\"async\" class=\"size-medium wp-image-39068\" src=\"https:\/\/contraluzcucuta.co\/wp-content\/uploads\/2023\/09\/INCENDIOS-2-300x225.jpeg\" alt=\"\" width=\"300\" height=\"225\" srcset=\"https:\/\/contraluzcucuta.co\/wp-content\/uploads\/2023\/09\/INCENDIOS-2-300x225.jpeg 300w, https:\/\/contraluzcucuta.co\/wp-content\/uploads\/2023\/09\/INCENDIOS-2-600x450.jpeg 600w, https:\/\/contraluzcucuta.co\/wp-content\/uploads\/2023\/09\/INCENDIOS-2-1024x768.jpeg 1024w, https:\/\/contraluzcucuta.co\/wp-content\/uploads\/2023\/09\/INCENDIOS-2-768x576.jpeg 768w, https:\/\/contraluzcucuta.co\/wp-content\/uploads\/2023\/09\/INCENDIOS-2-1536x1152.jpeg 1536w, https:\/\/contraluzcucuta.co\/wp-content\/uploads\/2023\/09\/INCENDIOS-2.jpeg 1600w\" sizes=\"auto, (max-width: 300px) 100vw, 300px\" \/><\/a><figcaption id=\"caption-attachment-39068\" class=\"wp-caption-text\">Foto: Cuerpo de Bomberos C\u00facuta<\/figcaption><\/figure>\n<p>La relaci\u00f3n del trabajo cumplido por el organismo de socorro es la siguiente:<\/p>\n<ul>\n<li>Avenida del R\u00edo. Tres d\u00edas de trabajo en el tramo entre la cl\u00ednica M\u00e9dical Duarte y el puente La Gazapa (Enrique Cuadros Corredor). Se han atendido tres incendios con tres m\u00e1quinas, 15 bomberos y camionetas de apoyo.<\/li>\n<li>En San Mart\u00edn, en un botadero de basura, donde inescrupulosos le meten candela. La comunidad debe tener m\u00e1s cuidado en ese dep\u00f3sito y limpiar para que no los afecte.<\/li>\n<li>V\u00eda a San Faustino y v\u00eda a Puerto Santander, incendios forestales.<\/li>\n<li>En un trayecto de El Malec\u00f3n, en San Pedro y El P\u00f3rtico.<\/li>\n<\/ul>\n<p>\u201cLa verdad, es que ha aumentado el trabajo de los bomberos. Hacemos un llamado a la ciudadan\u00eda para que evite las quemas controladas, que se les salen de las manos\u201d, dijo el teniente Monsalve.<\/p>\n<p>Hasta ahora, no ha habido lesionados y lo primero que debe hacerse al ver un incendio es reportar al Cuerpo de Bomberos para atender las emergencias.<\/p>\n","protected":false},"excerpt":{"rendered":"<p>C\u00daCUTA.- En las \u00faltimas semanas han ocurrido varios incendios en inmediaciones de la Avenida del R\u00edo, el barrio San Mart\u00edn, las v\u00edas a San Faustino y Puerto Santander, un trayecto de El Malec\u00f3n, San Pedro y El P\u00f3rtico. En la mayor\u00eda de casos la mano del hombre es la causa principal. El teniente Carlos Monsalve, &hellip;<\/p>\n","protected":false},"author":1,"featured_media":39066,"comment_status":"open","ping_status":"open","sticky":false,"template":"","format":"standard","meta":{"footnotes":""},"categories":[4,6],"tags":[1716,297,2869],"class_list":["post-39065","post","type-post","status-publish","format-standard","has-post-thumbnail","hentry","category-barra","category-ojo-avizor","tag-avenida-del-rio","tag-bomberos-voluntarios-de-cucuta","tag-incendios-forestales-en-norte-de-santander"],"_links":{"self":[{"href":"https:\/\/contraluzcucuta.co\/index.php?rest_route=\/wp\/v2\/posts\/39065","targetHints":{"allow":["GET"]}}],"collection":[{"href":"https:\/\/contraluzcucuta.co\/index.php?rest_route=\/wp\/v2\/posts"}],"about":[{"href":"https:\/\/contraluzcucuta.co\/index.php?rest_route=\/wp\/v2\/types\/post"}],"author":[{"embeddable":true,"href":"https:\/\/contraluzcucuta.co\/index.php?rest_route=\/wp\/v2\/users\/1"}],"replies":[{"embeddable":true,"href":"https:\/\/contraluzcucuta.co\/index.php?rest_route=%2Fwp%2Fv2%2Fcomments&post=39065"}],"version-history":[{"count":1,"href":"https:\/\/contraluzcucuta.co\/index.php?rest_route=\/wp\/v2\/posts\/39065\/revisions"}],"predecessor-version":[{"id":39069,"href":"https:\/\/contraluzcucuta.co\/index.php?rest_route=\/wp\/v2\/posts\/39065\/revisions\/39069"}],"wp:featuredmedia":[{"embeddable":true,"href":"https:\/\/contraluzcucuta.co\/index.php?rest_route=\/wp\/v2\/media\/39066"}],"wp:attachment":[{"href":"https:\/\/contraluzcucuta.co\/index.php?rest_route=%2Fwp%2Fv2%2Fmedia&parent=39065"}],"wp:term":[{"taxonomy":"category","embeddable":true,"href":"https:\/\/contraluzcucuta.co\/index.php?rest_route=%2Fwp%2Fv2%2Fcategories&post=39065"},{"taxonomy":"post_tag","embeddable":true,"href":"https:\/\/contraluzcucuta.co\/index.php?rest_route=%2Fwp%2Fv2%2Ftags&post=39065"}],"curies":[{"name":"wp","href":"https:\/\/api.w.org\/{rel}","templated":true}]}}