{"id":39062,"date":"2023-09-19T15:57:19","date_gmt":"2023-09-19T20:57:19","guid":{"rendered":"http:\/\/contraluzcucuta.co\/?p=39062"},"modified":"2023-09-19T15:57:19","modified_gmt":"2023-09-19T20:57:19","slug":"tragico-registro-norte-de-santander-31-casos-de-autolesiones-fatales","status":"publish","type":"post","link":"https:\/\/contraluzcucuta.co\/?p=39062","title":{"rendered":"TR\u00c1GICO REGISTRO. Norte de Santander: 31 casos de autolesiones fatales"},"content":{"rendered":"<p style=\"padding-left: 40px; text-align: right;\"><strong><span style=\"color: #ff9900;\">C\u00daCUTA.- Entre enero y julio de 2023, Norte de Santander registr\u00f3 31 casos de autolesiones fatales, con marcada presencia en j\u00f3venes de 18 a 28 a\u00f1os. Como respuesta a esta situaci\u00f3n, el Ministerio de Educaci\u00f3n, el Polit\u00e9cnico Grancolombiano, la Asociaci\u00f3n de Facultades de Psicolog\u00eda y la ONG Fundamental Colombia, desarrollaron el libro Orientaciones en salud mental y discapacidad psicosocial para el sistema de educaci\u00f3n superior colombiano.<\/span><\/strong><\/p>\n<p>La presentaci\u00f3n del documento ser\u00e1, este 20 de septiembre, de 8:00 de la ma\u00f1ana a 4:00 de la tarde, en la Universidad de Pamplona, Campus Villa del Rosario. En el encuentro se espera involucrar a un amplio rango de instituciones educativas de la regi\u00f3n para recopilar experiencias y pr\u00e1cticas diversas que puedan contribuir al dise\u00f1o de estrategias de atenci\u00f3n m\u00e1s efectivas y personalizadas para mitigar el impacto de los problemas de salud mental.<\/p>\n<p>El libro busca abordar los principales problemas e implementar modelos de educaci\u00f3n que incorporen la salud mental en las estrategias did\u00e1cticas. Esta publicaci\u00f3n re\u00fane y documenta las pr\u00e1cticas de algunas instituciones de educaci\u00f3n superior del pa\u00eds a manera de referente. Es un punto de partida para que las instituciones identifiquen qu\u00e9 elementos tienen incorporados de manera org\u00e1nica en sus din\u00e1micas institucionales y c\u00f3mo, entendiendo su realidad pueden fortalecer los procesos de atenci\u00f3n.<\/p>\n","protected":false},"excerpt":{"rendered":"<p>C\u00daCUTA.- Entre enero y julio de 2023, Norte de Santander registr\u00f3 31 casos de autolesiones fatales, con marcada presencia en j\u00f3venes de 18 a 28 a\u00f1os. Como respuesta a esta situaci\u00f3n, el Ministerio de Educaci\u00f3n, el Polit\u00e9cnico Grancolombiano, la Asociaci\u00f3n de Facultades de Psicolog\u00eda y la ONG Fundamental Colombia, desarrollaron el libro Orientaciones en salud &hellip;<\/p>\n","protected":false},"author":1,"featured_media":39063,"comment_status":"open","ping_status":"open","sticky":false,"template":"","format":"standard","meta":{"footnotes":""},"categories":[11,4],"tags":[5712,5711],"class_list":["post-39062","post","type-post","status-publish","format-standard","has-post-thumbnail","hentry","category-cronica-roja","category-barra","tag-suicidios-en-norte-de-santander","tag-tragico-registro"],"_links":{"self":[{"href":"https:\/\/contraluzcucuta.co\/index.php?rest_route=\/wp\/v2\/posts\/39062","targetHints":{"allow":["GET"]}}],"collection":[{"href":"https:\/\/contraluzcucuta.co\/index.php?rest_route=\/wp\/v2\/posts"}],"about":[{"href":"https:\/\/contraluzcucuta.co\/index.php?rest_route=\/wp\/v2\/types\/post"}],"author":[{"embeddable":true,"href":"https:\/\/contraluzcucuta.co\/index.php?rest_route=\/wp\/v2\/users\/1"}],"replies":[{"embeddable":true,"href":"https:\/\/contraluzcucuta.co\/index.php?rest_route=%2Fwp%2Fv2%2Fcomments&post=39062"}],"version-history":[{"count":1,"href":"https:\/\/contraluzcucuta.co\/index.php?rest_route=\/wp\/v2\/posts\/39062\/revisions"}],"predecessor-version":[{"id":39064,"href":"https:\/\/contraluzcucuta.co\/index.php?rest_route=\/wp\/v2\/posts\/39062\/revisions\/39064"}],"wp:featuredmedia":[{"embeddable":true,"href":"https:\/\/contraluzcucuta.co\/index.php?rest_route=\/wp\/v2\/media\/39063"}],"wp:attachment":[{"href":"https:\/\/contraluzcucuta.co\/index.php?rest_route=%2Fwp%2Fv2%2Fmedia&parent=39062"}],"wp:term":[{"taxonomy":"category","embeddable":true,"href":"https:\/\/contraluzcucuta.co\/index.php?rest_route=%2Fwp%2Fv2%2Fcategories&post=39062"},{"taxonomy":"post_tag","embeddable":true,"href":"https:\/\/contraluzcucuta.co\/index.php?rest_route=%2Fwp%2Fv2%2Ftags&post=39062"}],"curies":[{"name":"wp","href":"https:\/\/api.w.org\/{rel}","templated":true}]}}