{"id":39058,"date":"2023-09-19T15:48:47","date_gmt":"2023-09-19T20:48:47","guid":{"rendered":"http:\/\/contraluzcucuta.co\/?p=39058"},"modified":"2023-09-19T15:48:47","modified_gmt":"2023-09-19T20:48:47","slug":"en-voz-alta-agudelo-no-pudo-contener-el-llanto","status":"publish","type":"post","link":"https:\/\/contraluzcucuta.co\/?p=39058","title":{"rendered":"EN VOZ ALTA. Agudelo no pudo contener el llanto"},"content":{"rendered":"<p style=\"padding-left: 40px; text-align: right;\"><strong><span style=\"color: #ff9900;\">C\u00daCUTA.- \u201cNo pude contener mi llanto, cerrando los ojos me puse a llorar\u201d. La escena la canta King Klave (Los hombres no deben llorar) y la vivencia la tuvo Jonathan Agudelo, el goleador del C\u00facuta Deportivo, en el \u00faltimo partido en casa. Al minuto 63 ordenaron el retiro de la cancha, se levant\u00f3 la camiseta y estall\u00f3 en sollozos.<\/span><\/strong><\/p>\n<p>En enero de 2020, cuando viaj\u00f3 en calidad de pr\u00e9stamo a Gimnasia y Esgrima (Argentina), alcanz\u00f3 el m\u00e1ximo valor en el mercado futbol\u00edstico. El pase fue tasado en 950.000 euros, seg\u00fan transfermarkt.co. Esta alta cotizaci\u00f3n le abri\u00f3 las puertas del balompi\u00e9 israel\u00ed. Hoy, el precio ha bajado ostensiblemente y llega a 250.000 euros.<\/p>\n<p><a href=\"https:\/\/contraluzcucuta.co\/wp-content\/uploads\/2023\/09\/AGUDELO-2.jpeg\"><img loading=\"lazy\" decoding=\"async\" class=\"alignnone size-medium wp-image-39060 alignleft\" src=\"https:\/\/contraluzcucuta.co\/wp-content\/uploads\/2023\/09\/AGUDELO-2-300x201.jpeg\" alt=\"\" width=\"300\" height=\"201\" srcset=\"https:\/\/contraluzcucuta.co\/wp-content\/uploads\/2023\/09\/AGUDELO-2-300x201.jpeg 300w, https:\/\/contraluzcucuta.co\/wp-content\/uploads\/2023\/09\/AGUDELO-2-600x401.jpeg 600w, https:\/\/contraluzcucuta.co\/wp-content\/uploads\/2023\/09\/AGUDELO-2-110x75.jpeg 110w, https:\/\/contraluzcucuta.co\/wp-content\/uploads\/2023\/09\/AGUDELO-2.jpeg 719w\" sizes=\"auto, (max-width: 300px) 100vw, 300px\" \/><\/a><\/p>\n<p>En el Torneo II no ha contado con suerte frente a los arqueros. Su potencial es ser delantero y marcar goles. En el segundo semestre ha anotado dos, a pesar de las oportunidades que ha tenido. Quiz\u00e1s, esa frustraci\u00f3n explot\u00f3 el 16 de septiembre, al ser remplazado por Peralta.<\/p>\n<p>Agudelo tiene 30 a\u00f1os, es el capit\u00e1n rojinegro, es el encargado de los goles as\u00ed lleve el 32 al a la espalda, el referente del equipo, es el modelo que los ni\u00f1os desean imitar, es Jonathan. Por eso el desconsuelo al momento de ver que el tablero anunciaba que deb\u00eda abandonar el terreno de juego.<\/p>\n<p>En las fotos mostradas en Facebook se lo ve inconsolable. Esas im\u00e1genes despertaron la solidaridad de los aficionados que le enviaron mensajes consoladores:<\/p>\n<ul>\n<li>Tranquilo goleador, esta sequ\u00eda pronto pasar\u00e1 (Cruz Calder\u00f3n)<\/li>\n<li>Goleador, usted es el mejor (Jos\u00e9 Ospina)<\/li>\n<li>\u00c1nimo goleador, eres grande (Mary Brice\u00f1o)<\/li>\n<li>Esas son l\u00e1grimas de valiente (Mariana Vel\u00e1squez)<\/li>\n<li>El mi\u00e9rcoles romper\u00e1 esa racha (Diomar Boterito)<\/li>\n<\/ul>\n<p>De 11 partidos posibles, ha participado en 8, ha marcado 2 goles, ha sido cuota inicial en el 64 % de las presentaciones y ha jugado 62 % de los minutos que ha disputado el C\u00facuta Deportivo.<\/p>\n<p>Las l\u00e1grimas \u00bfser\u00e1n por \u201ccelos y angustia\u201d, como canta King Klave?<\/p>\n<p><strong>RAFAEL ANTONIO PAB\u00d3N<\/strong><\/p>\n<p><strong><a href=\"mailto:rafaelpabon58@hotmail.com\">rafaelpabon58@hotmail.com<\/a><\/strong><\/p>\n","protected":false},"excerpt":{"rendered":"<p>C\u00daCUTA.- \u201cNo pude contener mi llanto, cerrando los ojos me puse a llorar\u201d. La escena la canta King Klave (Los hombres no deben llorar) y la vivencia la tuvo Jonathan Agudelo, el goleador del C\u00facuta Deportivo, en el \u00faltimo partido en casa. Al minuto 63 ordenaron el retiro de la cancha, se levant\u00f3 la camiseta &hellip;<\/p>\n","protected":false},"author":1,"featured_media":39059,"comment_status":"open","ping_status":"open","sticky":false,"template":"","format":"standard","meta":{"footnotes":""},"categories":[4,28],"tags":[5541,5554],"class_list":["post-39058","post","type-post","status-publish","format-standard","has-post-thumbnail","hentry","category-barra","category-vistazo-deportivo","tag-cucuta-deportivo-2023","tag-jonathan-agudelo"],"_links":{"self":[{"href":"https:\/\/contraluzcucuta.co\/index.php?rest_route=\/wp\/v2\/posts\/39058","targetHints":{"allow":["GET"]}}],"collection":[{"href":"https:\/\/contraluzcucuta.co\/index.php?rest_route=\/wp\/v2\/posts"}],"about":[{"href":"https:\/\/contraluzcucuta.co\/index.php?rest_route=\/wp\/v2\/types\/post"}],"author":[{"embeddable":true,"href":"https:\/\/contraluzcucuta.co\/index.php?rest_route=\/wp\/v2\/users\/1"}],"replies":[{"embeddable":true,"href":"https:\/\/contraluzcucuta.co\/index.php?rest_route=%2Fwp%2Fv2%2Fcomments&post=39058"}],"version-history":[{"count":1,"href":"https:\/\/contraluzcucuta.co\/index.php?rest_route=\/wp\/v2\/posts\/39058\/revisions"}],"predecessor-version":[{"id":39061,"href":"https:\/\/contraluzcucuta.co\/index.php?rest_route=\/wp\/v2\/posts\/39058\/revisions\/39061"}],"wp:featuredmedia":[{"embeddable":true,"href":"https:\/\/contraluzcucuta.co\/index.php?rest_route=\/wp\/v2\/media\/39059"}],"wp:attachment":[{"href":"https:\/\/contraluzcucuta.co\/index.php?rest_route=%2Fwp%2Fv2%2Fmedia&parent=39058"}],"wp:term":[{"taxonomy":"category","embeddable":true,"href":"https:\/\/contraluzcucuta.co\/index.php?rest_route=%2Fwp%2Fv2%2Fcategories&post=39058"},{"taxonomy":"post_tag","embeddable":true,"href":"https:\/\/contraluzcucuta.co\/index.php?rest_route=%2Fwp%2Fv2%2Ftags&post=39058"}],"curies":[{"name":"wp","href":"https:\/\/api.w.org\/{rel}","templated":true}]}}