{"id":39053,"date":"2023-09-19T15:41:44","date_gmt":"2023-09-19T20:41:44","guid":{"rendered":"http:\/\/contraluzcucuta.co\/?p=39053"},"modified":"2023-09-19T15:42:12","modified_gmt":"2023-09-19T20:42:12","slug":"denuncia-avenida-del-rio-50-bancas-destruidas","status":"publish","type":"post","link":"https:\/\/contraluzcucuta.co\/?p=39053","title":{"rendered":"DENUNCIA. Avenida del R\u00edo. 50 bancas destruidas"},"content":{"rendered":"<p style=\"padding-left: 40px; text-align: right;\"><strong><span style=\"color: #ff9900;\">C\u00daCUTA.- La Avenida del R\u00edo fue construida con el objetivo de propiciar entornos ambientales agradables y fomentar el deporte al aire libre, para mejorar la salud f\u00edsica y el bienestar de los cucute\u00f1os. Fue dotada de mobiliario para el descanso de deportistas, caminantes y visitantes. Las bancas hac\u00edan parte del decorado a lo largo de los cuatro kil\u00f3metros de recorrido.<\/span><\/strong><\/p>\n<p><a href=\"https:\/\/contraluzcucuta.co\/wp-content\/uploads\/2023\/09\/AVENIDA-DEL-RIO-2.jpeg\"><img loading=\"lazy\" decoding=\"async\" class=\"alignnone size-medium wp-image-39055 alignleft\" src=\"https:\/\/contraluzcucuta.co\/wp-content\/uploads\/2023\/09\/AVENIDA-DEL-RIO-2-300x225.jpeg\" alt=\"\" width=\"300\" height=\"225\" srcset=\"https:\/\/contraluzcucuta.co\/wp-content\/uploads\/2023\/09\/AVENIDA-DEL-RIO-2-300x225.jpeg 300w, https:\/\/contraluzcucuta.co\/wp-content\/uploads\/2023\/09\/AVENIDA-DEL-RIO-2-600x450.jpeg 600w, https:\/\/contraluzcucuta.co\/wp-content\/uploads\/2023\/09\/AVENIDA-DEL-RIO-2-1024x768.jpeg 1024w, https:\/\/contraluzcucuta.co\/wp-content\/uploads\/2023\/09\/AVENIDA-DEL-RIO-2-768x576.jpeg 768w, https:\/\/contraluzcucuta.co\/wp-content\/uploads\/2023\/09\/AVENIDA-DEL-RIO-2-1536x1152.jpeg 1536w, https:\/\/contraluzcucuta.co\/wp-content\/uploads\/2023\/09\/AVENIDA-DEL-RIO-2.jpeg 1600w\" sizes=\"auto, (max-width: 300px) 100vw, 300px\" \/><\/a><\/p>\n<p>Un d\u00eda, comenzaron a verse las sillas en estado de deterioro. Primero, se perdieron los espaldares met\u00e1licos; luego, fueron destruidas las partes construidas en cemento, y, por \u00faltimo, las bases las arrancaron y solo qued\u00f3 el recuerdo.<\/p>\n<p>Asiduos visitantes del sitio culpan a los habitantes de calles del estado deplorable en que se encuentran las bancas. Dicen que las destruyeron para vender las cavillas por chatarra. De es amanera se ganan unos pesos para alimentar los vicios a las drogas y el alcohol, mientras da\u00f1an la imagen de un sector llamado a ser epicentro tur\u00edstico.<\/p>\n<p><a href=\"https:\/\/contraluzcucuta.co\/wp-content\/uploads\/2023\/09\/AVENIDA-DEL-RIO-3.jpeg\"><img loading=\"lazy\" decoding=\"async\" class=\"alignnone size-medium wp-image-39056 alignleft\" src=\"https:\/\/contraluzcucuta.co\/wp-content\/uploads\/2023\/09\/AVENIDA-DEL-RIO-3-300x225.jpeg\" alt=\"\" width=\"300\" height=\"225\" srcset=\"https:\/\/contraluzcucuta.co\/wp-content\/uploads\/2023\/09\/AVENIDA-DEL-RIO-3-300x225.jpeg 300w, https:\/\/contraluzcucuta.co\/wp-content\/uploads\/2023\/09\/AVENIDA-DEL-RIO-3-600x450.jpeg 600w, https:\/\/contraluzcucuta.co\/wp-content\/uploads\/2023\/09\/AVENIDA-DEL-RIO-3-1024x768.jpeg 1024w, https:\/\/contraluzcucuta.co\/wp-content\/uploads\/2023\/09\/AVENIDA-DEL-RIO-3-768x576.jpeg 768w, https:\/\/contraluzcucuta.co\/wp-content\/uploads\/2023\/09\/AVENIDA-DEL-RIO-3-1536x1152.jpeg 1536w, https:\/\/contraluzcucuta.co\/wp-content\/uploads\/2023\/09\/AVENIDA-DEL-RIO-3.jpeg 1600w\" sizes=\"auto, (max-width: 300px) 100vw, 300px\" \/><\/a><\/p>\n<p>Semanas atr\u00e1s, la administraci\u00f3n municipal cambi\u00f3 las cestas de la basura y las ubic\u00f3 junto a las antiguas. La empresa de aseo constantemente hace arreglo de la yerba que crece en la ciclov\u00eda. Pero ninguna ha mirado hacia las sillas, ni los operarios se han percatado del estado que acusan.<\/p>\n<p>A diario, centenares hombres y mujeres salen a caminar, trotar y correr por la pista. Sin embargo, nadie se ha percatado del deslustre del lugar y siguen el camino sin protestar.<\/p>\n","protected":false},"excerpt":{"rendered":"<p>C\u00daCUTA.- La Avenida del R\u00edo fue construida con el objetivo de propiciar entornos ambientales agradables y fomentar el deporte al aire libre, para mejorar la salud f\u00edsica y el bienestar de los cucute\u00f1os. Fue dotada de mobiliario para el descanso de deportistas, caminantes y visitantes. Las bancas hac\u00edan parte del decorado a lo largo de &hellip;<\/p>\n","protected":false},"author":1,"featured_media":39054,"comment_status":"open","ping_status":"open","sticky":false,"template":"","format":"standard","meta":{"footnotes":""},"categories":[45,4],"tags":[226,1716,5710],"class_list":["post-39053","post","type-post","status-publish","format-standard","has-post-thumbnail","hentry","category-destacado","category-barra","tag-alcaldia-de-cucuta","tag-avenida-del-rio","tag-denuncia"],"_links":{"self":[{"href":"https:\/\/contraluzcucuta.co\/index.php?rest_route=\/wp\/v2\/posts\/39053","targetHints":{"allow":["GET"]}}],"collection":[{"href":"https:\/\/contraluzcucuta.co\/index.php?rest_route=\/wp\/v2\/posts"}],"about":[{"href":"https:\/\/contraluzcucuta.co\/index.php?rest_route=\/wp\/v2\/types\/post"}],"author":[{"embeddable":true,"href":"https:\/\/contraluzcucuta.co\/index.php?rest_route=\/wp\/v2\/users\/1"}],"replies":[{"embeddable":true,"href":"https:\/\/contraluzcucuta.co\/index.php?rest_route=%2Fwp%2Fv2%2Fcomments&post=39053"}],"version-history":[{"count":1,"href":"https:\/\/contraluzcucuta.co\/index.php?rest_route=\/wp\/v2\/posts\/39053\/revisions"}],"predecessor-version":[{"id":39057,"href":"https:\/\/contraluzcucuta.co\/index.php?rest_route=\/wp\/v2\/posts\/39053\/revisions\/39057"}],"wp:featuredmedia":[{"embeddable":true,"href":"https:\/\/contraluzcucuta.co\/index.php?rest_route=\/wp\/v2\/media\/39054"}],"wp:attachment":[{"href":"https:\/\/contraluzcucuta.co\/index.php?rest_route=%2Fwp%2Fv2%2Fmedia&parent=39053"}],"wp:term":[{"taxonomy":"category","embeddable":true,"href":"https:\/\/contraluzcucuta.co\/index.php?rest_route=%2Fwp%2Fv2%2Fcategories&post=39053"},{"taxonomy":"post_tag","embeddable":true,"href":"https:\/\/contraluzcucuta.co\/index.php?rest_route=%2Fwp%2Fv2%2Ftags&post=39053"}],"curies":[{"name":"wp","href":"https:\/\/api.w.org\/{rel}","templated":true}]}}