{"id":39033,"date":"2023-09-15T19:23:42","date_gmt":"2023-09-16T00:23:42","guid":{"rendered":"http:\/\/contraluzcucuta.co\/?p=39033"},"modified":"2023-09-15T19:23:42","modified_gmt":"2023-09-16T00:23:42","slug":"mision-cumplida-aeropuerto-de-san-antonio-inaugura-vuelo-comercial","status":"publish","type":"post","link":"https:\/\/contraluzcucuta.co\/?p=39033","title":{"rendered":"MISI\u00d3N CUMPLIDA. Aeropuerto de San Antonio inaugura vuelo comercial"},"content":{"rendered":"<p style=\"padding-left: 40px; text-align: right;\"><strong><span style=\"color: #ff9900;\">SAN ANTONIO DEL T\u00c1CHIRA \u2013 Venezuela.- El aeropuerto internacional General Juan Vicente G\u00f3mez, en San Antonio del T\u00e1chira, llev\u00f3 a cabo el primer vuelo comercial. El aer\u00f3dromo permaneci\u00f3 fuera de servicio por m\u00e1s de una d\u00e9cada.<\/span><\/strong><\/p>\n<p>El gobernador del T\u00e1chira, Freddy Bernal, dijo que \u201ces un sue\u00f1o de los tachirenses hecho realidad, que hoy, por instrucciones del presidente Nicol\u00e1s Maduro, se lleve a cabo el vuelo inaugural de Conviasa\u201d. El itinerario tiene salida y llegada a Caracas.<\/p>\n<p><a href=\"https:\/\/contraluzcucuta.co\/wp-content\/uploads\/2023\/09\/SAN-ANTONIO-4.jpeg\"><img loading=\"lazy\" decoding=\"async\" class=\"alignnone size-medium wp-image-39035 alignleft\" src=\"https:\/\/contraluzcucuta.co\/wp-content\/uploads\/2023\/09\/SAN-ANTONIO-4-300x167.jpeg\" alt=\"\" width=\"300\" height=\"167\" srcset=\"https:\/\/contraluzcucuta.co\/wp-content\/uploads\/2023\/09\/SAN-ANTONIO-4-300x167.jpeg 300w, https:\/\/contraluzcucuta.co\/wp-content\/uploads\/2023\/09\/SAN-ANTONIO-4-600x334.jpeg 600w, https:\/\/contraluzcucuta.co\/wp-content\/uploads\/2023\/09\/SAN-ANTONIO-4.jpeg 719w\" sizes=\"auto, (max-width: 300px) 100vw, 300px\" \/><\/a><\/p>\n<p>La apertura permitir\u00e1 la movilidad interna desde la frontera hacia diversas zonas del pa\u00eds, explic\u00f3 Bernal. Adem\u00e1s, ser\u00e1 punto nodal para el impulso del turismo, un impacto importante en la reactivaci\u00f3n de la econom\u00eda en esa zona.<\/p>\n<p>Freddy Borges, viceministro de transporte a\u00e9reo, indic\u00f3 que 1600 usuarios ser\u00e1n impactados con este tipo de frecuencia, con los vuelos &#8211; en una primera etapa &#8211; los viernes y lunes.<\/p>\n<p>Inicialmente, las operaciones a\u00e9reas ser\u00e1n con la empresa Conviasa. Posteriormente, se incorporar\u00e1n otros vuelos, como la ruta hacia Margarita, manifest\u00f3 el Viceministro.<\/p>\n<p>Resurrecci\u00f3n Ram\u00edrez, colombiana de nacimiento y residente en Venezuela durante muchos a\u00f1os, es una de las pasajeras del vuelo de Conviasa. Expres\u00f3 que es un gran logro, porque de esta manera puede visitar a sus familiares, en el vecino pa\u00eds, con mayor frecuencia y comodidad, porque anteriormente lo hac\u00eda en transporte terrestre.<\/p>\n","protected":false},"excerpt":{"rendered":"<p>SAN ANTONIO DEL T\u00c1CHIRA \u2013 Venezuela.- El aeropuerto internacional General Juan Vicente G\u00f3mez, en San Antonio del T\u00e1chira, llev\u00f3 a cabo el primer vuelo comercial. El aer\u00f3dromo permaneci\u00f3 fuera de servicio por m\u00e1s de una d\u00e9cada. El gobernador del T\u00e1chira, Freddy Bernal, dijo que \u201ces un sue\u00f1o de los tachirenses hecho realidad, que hoy, por &hellip;<\/p>\n","protected":false},"author":1,"featured_media":39034,"comment_status":"open","ping_status":"open","sticky":false,"template":"","format":"standard","meta":{"footnotes":""},"categories":[4,2780],"tags":[5706,1902,5705,2241],"class_list":["post-39033","post","type-post","status-publish","format-standard","has-post-thumbnail","hentry","category-barra","category-frontera","tag-gobernaciondeltachira","tag-aeropuerto-juan-vicente-gomez","tag-frontera-aerea","tag-san-antonio-del-tachira"],"_links":{"self":[{"href":"https:\/\/contraluzcucuta.co\/index.php?rest_route=\/wp\/v2\/posts\/39033","targetHints":{"allow":["GET"]}}],"collection":[{"href":"https:\/\/contraluzcucuta.co\/index.php?rest_route=\/wp\/v2\/posts"}],"about":[{"href":"https:\/\/contraluzcucuta.co\/index.php?rest_route=\/wp\/v2\/types\/post"}],"author":[{"embeddable":true,"href":"https:\/\/contraluzcucuta.co\/index.php?rest_route=\/wp\/v2\/users\/1"}],"replies":[{"embeddable":true,"href":"https:\/\/contraluzcucuta.co\/index.php?rest_route=%2Fwp%2Fv2%2Fcomments&post=39033"}],"version-history":[{"count":1,"href":"https:\/\/contraluzcucuta.co\/index.php?rest_route=\/wp\/v2\/posts\/39033\/revisions"}],"predecessor-version":[{"id":39036,"href":"https:\/\/contraluzcucuta.co\/index.php?rest_route=\/wp\/v2\/posts\/39033\/revisions\/39036"}],"wp:featuredmedia":[{"embeddable":true,"href":"https:\/\/contraluzcucuta.co\/index.php?rest_route=\/wp\/v2\/media\/39034"}],"wp:attachment":[{"href":"https:\/\/contraluzcucuta.co\/index.php?rest_route=%2Fwp%2Fv2%2Fmedia&parent=39033"}],"wp:term":[{"taxonomy":"category","embeddable":true,"href":"https:\/\/contraluzcucuta.co\/index.php?rest_route=%2Fwp%2Fv2%2Fcategories&post=39033"},{"taxonomy":"post_tag","embeddable":true,"href":"https:\/\/contraluzcucuta.co\/index.php?rest_route=%2Fwp%2Fv2%2Ftags&post=39033"}],"curies":[{"name":"wp","href":"https:\/\/api.w.org\/{rel}","templated":true}]}}