{"id":39029,"date":"2023-09-15T19:15:41","date_gmt":"2023-09-16T00:15:41","guid":{"rendered":"http:\/\/contraluzcucuta.co\/?p=39029"},"modified":"2023-09-15T19:15:41","modified_gmt":"2023-09-16T00:15:41","slug":"analisis-diagnostico-de-seguridad-de-la-zona-de-frontera","status":"publish","type":"post","link":"https:\/\/contraluzcucuta.co\/?p=39029","title":{"rendered":"AN\u00c1LISIS. Diagn\u00f3stico de seguridad de la zona de frontera"},"content":{"rendered":"<p style=\"padding-left: 40px; text-align: right;\"><strong><span style=\"color: #ff9900;\">C\u00daCUTA.- El alcalde de C\u00facuta, Jairo Y\u00e1\u00f1ez, entreg\u00f3 al presidente Gustavo Petro el an\u00e1lisis del problema de seguridad en la frontera colombo-venezolana. Le ratific\u00f3 la urgencia de compartir informaci\u00f3n y comunicaciones de inteligencia y contrainteligencia con Venezuela, para enfrentar la delincuencia transnacional y el delito en la zona de frontera.<\/span><\/strong><\/p>\n<p><a href=\"https:\/\/contraluzcucuta.co\/wp-content\/uploads\/2023\/09\/SEGURIDAD-3.jpeg\"><img loading=\"lazy\" decoding=\"async\" class=\"alignnone size-medium wp-image-39031 alignleft\" src=\"https:\/\/contraluzcucuta.co\/wp-content\/uploads\/2023\/09\/SEGURIDAD-3-300x200.jpeg\" alt=\"\" width=\"300\" height=\"200\" srcset=\"https:\/\/contraluzcucuta.co\/wp-content\/uploads\/2023\/09\/SEGURIDAD-3-300x200.jpeg 300w, https:\/\/contraluzcucuta.co\/wp-content\/uploads\/2023\/09\/SEGURIDAD-3-600x401.jpeg 600w, https:\/\/contraluzcucuta.co\/wp-content\/uploads\/2023\/09\/SEGURIDAD-3-1024x684.jpeg 1024w, https:\/\/contraluzcucuta.co\/wp-content\/uploads\/2023\/09\/SEGURIDAD-3-768x513.jpeg 768w, https:\/\/contraluzcucuta.co\/wp-content\/uploads\/2023\/09\/SEGURIDAD-3-1536x1025.jpeg 1536w, https:\/\/contraluzcucuta.co\/wp-content\/uploads\/2023\/09\/SEGURIDAD-3.jpeg 1600w\" sizes=\"auto, (max-width: 300px) 100vw, 300px\" \/><\/a><\/p>\n<p>Necesidades de inversi\u00f3n para C\u00facuta<\/p>\n<ul>\n<li>Mil c\u00e1maras de seguridad de tecnolog\u00eda actual y modernizaci\u00f3n de las salas de control.<\/li>\n<li>Conformaci\u00f3n del Equipo Log\u00edstico M\u00f3vil para el reforzamiento de vigilancia en el anillo vial, el aeropuerto Camilo Daza y los edificios gubernamentales.<\/li>\n<li>Desbordada presencia de habitantes de calle<\/li>\n<li>Poblaci\u00f3n pendular migrante de 70.000 personas al d\u00eda, con alto porcentaje en condiciones dif\u00edciles.<\/li>\n<li>Fortalecer la capacidad de denuncia para obtener informaci\u00f3n efectiva que fortalezca capturas y seguimientos.<\/li>\n<li>Anunciar el pago de recompensas que complemente las acciones permanentes contra el delito y la delincuencia.<\/li>\n<\/ul>\n<p>El alcalde acord\u00f3 entregar el informe del nuevo y reforzado Plan de Seguridad que aborda los compromisos interinstitucionales de alcance a Norte de Santander y el \u00c1rea Metropolitana para compartirlo y unificarlo con la Polic\u00eda, el Ej\u00e9rcito, la Fiscal\u00eda y las secretar\u00edas de Seguridad.<\/p>\n","protected":false},"excerpt":{"rendered":"<p>C\u00daCUTA.- El alcalde de C\u00facuta, Jairo Y\u00e1\u00f1ez, entreg\u00f3 al presidente Gustavo Petro el an\u00e1lisis del problema de seguridad en la frontera colombo-venezolana. Le ratific\u00f3 la urgencia de compartir informaci\u00f3n y comunicaciones de inteligencia y contrainteligencia con Venezuela, para enfrentar la delincuencia transnacional y el delito en la zona de frontera. Necesidades de inversi\u00f3n para C\u00facuta &hellip;<\/p>\n","protected":false},"author":1,"featured_media":39030,"comment_status":"open","ping_status":"open","sticky":false,"template":"","format":"standard","meta":{"footnotes":""},"categories":[2625,4],"tags":[4776,226,5491,1274],"class_list":["post-39029","post","type-post","status-publish","format-standard","has-post-thumbnail","hentry","category-alcaldia-de-cucuta","category-barra","tag-alcalde-jairo-yanez","tag-alcaldia-de-cucuta","tag-presidente-gustavo-petro","tag-seguridad-en-cucuta"],"_links":{"self":[{"href":"https:\/\/contraluzcucuta.co\/index.php?rest_route=\/wp\/v2\/posts\/39029","targetHints":{"allow":["GET"]}}],"collection":[{"href":"https:\/\/contraluzcucuta.co\/index.php?rest_route=\/wp\/v2\/posts"}],"about":[{"href":"https:\/\/contraluzcucuta.co\/index.php?rest_route=\/wp\/v2\/types\/post"}],"author":[{"embeddable":true,"href":"https:\/\/contraluzcucuta.co\/index.php?rest_route=\/wp\/v2\/users\/1"}],"replies":[{"embeddable":true,"href":"https:\/\/contraluzcucuta.co\/index.php?rest_route=%2Fwp%2Fv2%2Fcomments&post=39029"}],"version-history":[{"count":1,"href":"https:\/\/contraluzcucuta.co\/index.php?rest_route=\/wp\/v2\/posts\/39029\/revisions"}],"predecessor-version":[{"id":39032,"href":"https:\/\/contraluzcucuta.co\/index.php?rest_route=\/wp\/v2\/posts\/39029\/revisions\/39032"}],"wp:featuredmedia":[{"embeddable":true,"href":"https:\/\/contraluzcucuta.co\/index.php?rest_route=\/wp\/v2\/media\/39030"}],"wp:attachment":[{"href":"https:\/\/contraluzcucuta.co\/index.php?rest_route=%2Fwp%2Fv2%2Fmedia&parent=39029"}],"wp:term":[{"taxonomy":"category","embeddable":true,"href":"https:\/\/contraluzcucuta.co\/index.php?rest_route=%2Fwp%2Fv2%2Fcategories&post=39029"},{"taxonomy":"post_tag","embeddable":true,"href":"https:\/\/contraluzcucuta.co\/index.php?rest_route=%2Fwp%2Fv2%2Ftags&post=39029"}],"curies":[{"name":"wp","href":"https:\/\/api.w.org\/{rel}","templated":true}]}}