{"id":39020,"date":"2023-09-15T19:04:24","date_gmt":"2023-09-16T00:04:24","guid":{"rendered":"http:\/\/contraluzcucuta.co\/?p=39020"},"modified":"2023-09-15T19:05:17","modified_gmt":"2023-09-16T00:05:17","slug":"39020-2","status":"publish","type":"post","link":"https:\/\/contraluzcucuta.co\/?p=39020","title":{"rendered":"EN VOZ ALTA. German, &#8216;El carpintero de Nazaret&#8217;"},"content":{"rendered":"<p style=\"padding-left: 40px; text-align: right;\"><strong><span style=\"color: #ff9900;\">C\u00daCUTA.- Jos\u00e9, seg\u00fan el relato b\u00edblico, naci\u00f3 30 a\u00f1os antes de Cristo, en Nazaret, fue obrero y artesano. German, de acuerdo con la narrativa pagana, vino al mundo en la segunda mitad del siglo XX, en el barrio Callej\u00f3n y trabaj\u00f3 como taponador y pintor de muebles. A los dos los junta un oficio: la carpinter\u00eda.<\/span><\/strong><\/p>\n<p>El cucute\u00f1o es humilde, creyente y dedicado a las labores que le proporciona la madera. Recibe muebles para reparar o encargos para elaborar puertas, cl\u00f3sets, ventanas, sillas y comedores. Comenz\u00f3 esta tarea a escasa edad, como ayudante de su madre. A los 18 a\u00f1os recibi\u00f3 el bautismo como carpintero y desde entonces no ha cesado en esta labor.<\/p>\n<p><a href=\"https:\/\/contraluzcucuta.co\/wp-content\/uploads\/2023\/09\/EL-CARPINTERO-7.jpeg\"><img loading=\"lazy\" decoding=\"async\" class=\"alignnone size-medium wp-image-39022 alignleft\" src=\"https:\/\/contraluzcucuta.co\/wp-content\/uploads\/2023\/09\/EL-CARPINTERO-7-300x225.jpeg\" alt=\"\" width=\"300\" height=\"225\" srcset=\"https:\/\/contraluzcucuta.co\/wp-content\/uploads\/2023\/09\/EL-CARPINTERO-7-300x225.jpeg 300w, https:\/\/contraluzcucuta.co\/wp-content\/uploads\/2023\/09\/EL-CARPINTERO-7-600x450.jpeg 600w, https:\/\/contraluzcucuta.co\/wp-content\/uploads\/2023\/09\/EL-CARPINTERO-7-1024x768.jpeg 1024w, https:\/\/contraluzcucuta.co\/wp-content\/uploads\/2023\/09\/EL-CARPINTERO-7-768x576.jpeg 768w, https:\/\/contraluzcucuta.co\/wp-content\/uploads\/2023\/09\/EL-CARPINTERO-7-1536x1152.jpeg 1536w, https:\/\/contraluzcucuta.co\/wp-content\/uploads\/2023\/09\/EL-CARPINTERO-7.jpeg 1600w\" sizes=\"auto, (max-width: 300px) 100vw, 300px\" \/><\/a><\/p>\n<p>A\u00f1os atr\u00e1s tuvo la feliz idea de auto proclamarse \u2018El Carpintero de Nazaret\u2019 para llamar la atenci\u00f3n de la clientela. Aunque despert\u00f3 m\u00e1s envidia entre vecinos, que el inter\u00e9s de los compradores. Los colegas hasta se burlan por el remoquete que escogi\u00f3 para atraer admiradores por su trabajo.<\/p>\n<p>Hoy est\u00e1 cansado, son pocos los encargos que le llegan, tiene dificultades f\u00edsicas para movilizarse y las ganancias escasean. Mantiene la fe en Jos\u00e9 y de rodillas le ha pedido que se apiade de sus carencias econ\u00f3micas y lo colme con trabajitos para pagar el arriendo (debe cuatro meses) y ponerse al d\u00eda con la empresa de acueducto (le cortaron el servicio).<\/p>\n<p>En el local donde pasa el d\u00eda est\u00e1n las m\u00e1quinas apagadas. La sierra, la pulidora y los dem\u00e1s aparatos el\u00e9ctricos permanecen conectados, pero inutilizados. Una puerta sin terminar, unas sillas sin tapizar y otros muebles a medio camino sobresalen en el lugar, que mantiene el olor a madera reci\u00e9n cortada.<\/p>\n<p>German Calder\u00f3n no est\u00e1 desesperado, se aferra a la religi\u00f3n y busca a Dios permanentemente, sin desfallecer. Un d\u00eda, una monja que visitaba el taller, con oraci\u00f3n, lo ayud\u00f3 a salvar el \u00edndice derecho que se destaj\u00f3 con una herramienta. \u00bfMilagro? Pues ahora espera que ocurra otro y que el negocio se vuelva pr\u00f3spero, como en a\u00f1os pret\u00e9ritos.<\/p>\n","protected":false},"excerpt":{"rendered":"<p>C\u00daCUTA.- Jos\u00e9, seg\u00fan el relato b\u00edblico, naci\u00f3 30 a\u00f1os antes de Cristo, en Nazaret, fue obrero y artesano. German, de acuerdo con la narrativa pagana, vino al mundo en la segunda mitad del siglo XX, en el barrio Callej\u00f3n y trabaj\u00f3 como taponador y pintor de muebles. A los dos los junta un oficio: la &hellip;<\/p>\n","protected":false},"author":1,"featured_media":39021,"comment_status":"open","ping_status":"open","sticky":false,"template":"","format":"standard","meta":{"footnotes":""},"categories":[10,45,4],"tags":[5702,5703],"class_list":["post-39020","post","type-post","status-publish","format-standard","has-post-thumbnail","hentry","category-cronicas","category-destacado","category-barra","tag-el-carpintero-de-nazaret","tag-en-voz-alta"],"_links":{"self":[{"href":"https:\/\/contraluzcucuta.co\/index.php?rest_route=\/wp\/v2\/posts\/39020","targetHints":{"allow":["GET"]}}],"collection":[{"href":"https:\/\/contraluzcucuta.co\/index.php?rest_route=\/wp\/v2\/posts"}],"about":[{"href":"https:\/\/contraluzcucuta.co\/index.php?rest_route=\/wp\/v2\/types\/post"}],"author":[{"embeddable":true,"href":"https:\/\/contraluzcucuta.co\/index.php?rest_route=\/wp\/v2\/users\/1"}],"replies":[{"embeddable":true,"href":"https:\/\/contraluzcucuta.co\/index.php?rest_route=%2Fwp%2Fv2%2Fcomments&post=39020"}],"version-history":[{"count":2,"href":"https:\/\/contraluzcucuta.co\/index.php?rest_route=\/wp\/v2\/posts\/39020\/revisions"}],"predecessor-version":[{"id":39024,"href":"https:\/\/contraluzcucuta.co\/index.php?rest_route=\/wp\/v2\/posts\/39020\/revisions\/39024"}],"wp:featuredmedia":[{"embeddable":true,"href":"https:\/\/contraluzcucuta.co\/index.php?rest_route=\/wp\/v2\/media\/39021"}],"wp:attachment":[{"href":"https:\/\/contraluzcucuta.co\/index.php?rest_route=%2Fwp%2Fv2%2Fmedia&parent=39020"}],"wp:term":[{"taxonomy":"category","embeddable":true,"href":"https:\/\/contraluzcucuta.co\/index.php?rest_route=%2Fwp%2Fv2%2Fcategories&post=39020"},{"taxonomy":"post_tag","embeddable":true,"href":"https:\/\/contraluzcucuta.co\/index.php?rest_route=%2Fwp%2Fv2%2Ftags&post=39020"}],"curies":[{"name":"wp","href":"https:\/\/api.w.org\/{rel}","templated":true}]}}