{"id":39015,"date":"2023-09-11T04:43:41","date_gmt":"2023-09-11T09:43:41","guid":{"rendered":"http:\/\/contraluzcucuta.co\/?p=39015"},"modified":"2023-09-11T04:43:41","modified_gmt":"2023-09-11T09:43:41","slug":"politica-criolla-cesar-rojas-se-bajo-de-la-tarima","status":"publish","type":"post","link":"https:\/\/contraluzcucuta.co\/?p=39015","title":{"rendered":"POL\u00cdTICA CRIOLLA. C\u00e9sar Rojas se baj\u00f3 de la tarima"},"content":{"rendered":"<p style=\"padding-left: 40px; text-align: right;\"><strong><span style=\"color: #ff9900;\">C\u00daCUTA.- \u201cLes comunico que no continuar\u00e9 como candidato a la Alcald\u00eda\u201d. As\u00ed anunci\u00f3 C\u00e9sar Rojas Ayala el retiro de su aspiraci\u00f3n a regresar al Palacio Municipal para dirigir los destinos de C\u00facuta. Para tomar la decisi\u00f3n antepuso \u201cla integridad de mi familia\u201d.<\/span><\/strong><\/p>\n<p>En el an\u00e1lisis que hace de la situaci\u00f3n que afronta la ciudad enumera los siguientes aspectos:<\/p>\n<ul>\n<li>La ciudad pasa por un momento complejo<\/li>\n<li>Hay crisis social, econ\u00f3mica y de seguridad<\/li>\n<li>Se requiere la uni\u00f3n de voluntades para recuperar el rumbo.<\/li>\n<\/ul>\n<p><a href=\"https:\/\/contraluzcucuta.co\/wp-content\/uploads\/2023\/09\/CESAR-ROJAS-2.jpg\"><img loading=\"lazy\" decoding=\"async\" class=\"alignnone size-medium wp-image-39017 alignleft\" src=\"https:\/\/contraluzcucuta.co\/wp-content\/uploads\/2023\/09\/CESAR-ROJAS-2-300x182.jpg\" alt=\"\" width=\"300\" height=\"182\" srcset=\"https:\/\/contraluzcucuta.co\/wp-content\/uploads\/2023\/09\/CESAR-ROJAS-2-300x182.jpg 300w, https:\/\/contraluzcucuta.co\/wp-content\/uploads\/2023\/09\/CESAR-ROJAS-2-600x363.jpg 600w, https:\/\/contraluzcucuta.co\/wp-content\/uploads\/2023\/09\/CESAR-ROJAS-2.jpg 717w\" sizes=\"auto, (max-width: 300px) 100vw, 300px\" \/><\/a><\/p>\n<p>El exalcalde (2016 \u2013 2019), comenz\u00f3 campa\u00f1a tiempo atr\u00e1s y con mensajes en las redes recordaba sus acciones y obras mientras estuvo al frente del gobierno local. Su intenci\u00f3n, al conformar un proyecto pol\u00edtico independiente ciudadano era \u201cvolver a poner en marcha los programas sociales, de empleo y obras\u201d.<\/p>\n<p>Es consciente de que la pol\u00edtica ha tomado \u201cun giro hacia la polarizaci\u00f3n, la persecuci\u00f3n y la emisi\u00f3n de ataques de todo tipo\u201d que no especifica, aunque se refiere a \u201calgunas personas y grupos que a la fuerza quieren llevar la ciudad a un escenario que no comparto\u201d.<\/p>\n<p>Para tranquilidad de los adeptos al movimiento C\u00facuta S\u00ed tiene con qu\u00e9, anunci\u00f3 que \u201cno nos retiramos de la pol\u00edtica\u201d y que \u201cvamos a participar en la contienda electoral\u201d, del 29 de octubre.<\/p>\n<p>Al final del comunicado env\u00eda un mensaje al ganador de las elecciones y sucesor de Jairo Y\u00e1\u00f1ez para que \u201cuna a la comunidad, empresarios y Estado, y entre todos logremos transformar verdaderamente nuestra amada ciudad\u201d.<\/p>\n","protected":false},"excerpt":{"rendered":"<p>C\u00daCUTA.- \u201cLes comunico que no continuar\u00e9 como candidato a la Alcald\u00eda\u201d. As\u00ed anunci\u00f3 C\u00e9sar Rojas Ayala el retiro de su aspiraci\u00f3n a regresar al Palacio Municipal para dirigir los destinos de C\u00facuta. Para tomar la decisi\u00f3n antepuso \u201cla integridad de mi familia\u201d. En el an\u00e1lisis que hace de la situaci\u00f3n que afronta la ciudad enumera &hellip;<\/p>\n","protected":false},"author":1,"featured_media":39016,"comment_status":"open","ping_status":"open","sticky":false,"template":"","format":"standard","meta":{"footnotes":""},"categories":[4,9],"tags":[226,2224,2463],"class_list":["post-39015","post","type-post","status-publish","format-standard","has-post-thumbnail","hentry","category-barra","category-politica","tag-alcaldia-de-cucuta","tag-candidatos-a-la-alcaldia-de-cucuta","tag-cesar-rojas"],"_links":{"self":[{"href":"https:\/\/contraluzcucuta.co\/index.php?rest_route=\/wp\/v2\/posts\/39015","targetHints":{"allow":["GET"]}}],"collection":[{"href":"https:\/\/contraluzcucuta.co\/index.php?rest_route=\/wp\/v2\/posts"}],"about":[{"href":"https:\/\/contraluzcucuta.co\/index.php?rest_route=\/wp\/v2\/types\/post"}],"author":[{"embeddable":true,"href":"https:\/\/contraluzcucuta.co\/index.php?rest_route=\/wp\/v2\/users\/1"}],"replies":[{"embeddable":true,"href":"https:\/\/contraluzcucuta.co\/index.php?rest_route=%2Fwp%2Fv2%2Fcomments&post=39015"}],"version-history":[{"count":1,"href":"https:\/\/contraluzcucuta.co\/index.php?rest_route=\/wp\/v2\/posts\/39015\/revisions"}],"predecessor-version":[{"id":39018,"href":"https:\/\/contraluzcucuta.co\/index.php?rest_route=\/wp\/v2\/posts\/39015\/revisions\/39018"}],"wp:featuredmedia":[{"embeddable":true,"href":"https:\/\/contraluzcucuta.co\/index.php?rest_route=\/wp\/v2\/media\/39016"}],"wp:attachment":[{"href":"https:\/\/contraluzcucuta.co\/index.php?rest_route=%2Fwp%2Fv2%2Fmedia&parent=39015"}],"wp:term":[{"taxonomy":"category","embeddable":true,"href":"https:\/\/contraluzcucuta.co\/index.php?rest_route=%2Fwp%2Fv2%2Fcategories&post=39015"},{"taxonomy":"post_tag","embeddable":true,"href":"https:\/\/contraluzcucuta.co\/index.php?rest_route=%2Fwp%2Fv2%2Ftags&post=39015"}],"curies":[{"name":"wp","href":"https:\/\/api.w.org\/{rel}","templated":true}]}}