{"id":39006,"date":"2023-09-11T04:30:44","date_gmt":"2023-09-11T09:30:44","guid":{"rendered":"http:\/\/contraluzcucuta.co\/?p=39006"},"modified":"2023-09-11T04:30:44","modified_gmt":"2023-09-11T09:30:44","slug":"emergencia-en-el-tarrita-avance-de-obra-75","status":"publish","type":"post","link":"https:\/\/contraluzcucuta.co\/?p=39006","title":{"rendered":"EMERGENCIA EN EL TARRITA. Avance de obra: 75 %\u00a0"},"content":{"rendered":"<p style=\"padding-left: 40px; text-align: right;\"><strong><span style=\"color: #ff9900;\">\u00c1BREGO, NORTE DE SANTANDER.- Luego de superar las pruebas de carga en el puente met\u00e1lico sector \u2018El Turco\u2019 para veh\u00edculos livianos y de carga con peso de hasta 52 toneladas, las actividades ahora est\u00e1n centradas en consolidar los terraplenes en las zonas de acceso a la estructura para mejorar el tr\u00e1nsito de veh\u00edculos.\u00a0<\/span><\/strong><\/p>\n<p>El Instituto Nacional de V\u00edas, Inv\u00edas, con el objetivo de restablecer el tr\u00e1nsito en la zona de la emergencia y la econom\u00eda de la regi\u00f3n, contin\u00faa los trabajos diarios en los dos sectores afectados tras la avalancha del 31 de mayo en \u00c1brego.<\/p>\n<p><a href=\"https:\/\/contraluzcucuta.co\/wp-content\/uploads\/2023\/09\/EL-TARRITA-10.jpg\"><img loading=\"lazy\" decoding=\"async\" class=\"alignnone size-medium wp-image-39008 alignleft\" src=\"https:\/\/contraluzcucuta.co\/wp-content\/uploads\/2023\/09\/EL-TARRITA-10-300x169.jpg\" alt=\"\" width=\"300\" height=\"169\" srcset=\"https:\/\/contraluzcucuta.co\/wp-content\/uploads\/2023\/09\/EL-TARRITA-10-300x169.jpg 300w, https:\/\/contraluzcucuta.co\/wp-content\/uploads\/2023\/09\/EL-TARRITA-10-600x338.jpg 600w, https:\/\/contraluzcucuta.co\/wp-content\/uploads\/2023\/09\/EL-TARRITA-10-1024x576.jpg 1024w, https:\/\/contraluzcucuta.co\/wp-content\/uploads\/2023\/09\/EL-TARRITA-10-768x432.jpg 768w, https:\/\/contraluzcucuta.co\/wp-content\/uploads\/2023\/09\/EL-TARRITA-10-1536x864.jpg 1536w, https:\/\/contraluzcucuta.co\/wp-content\/uploads\/2023\/09\/EL-TARRITA-10.jpg 1600w\" sizes=\"auto, (max-width: 300px) 100vw, 300px\" \/><\/a><\/p>\n<p>El Tarrita. Puesta de geocontenedores (sacos de gran tama\u00f1o llenos de material) para que no se formen lagunas, debido a la creciente del r\u00edo. Se busca formar una zona compacta para construir los terraplenes, que tendr\u00e1n extensi\u00f3n de 300 metros.<\/p>\n<p>El Turco. Construcci\u00f3n de los estribos, para luego instalar el segundo puente met\u00e1lico de 67 metros de longitud, el cual fue el que m\u00e1s sufri\u00f3 por la avalancha.<\/p>\n<p>Las pruebas de carga en el puente met\u00e1lico, en coordinaci\u00f3n con el Comando de Ingenieros Militares, fueron satisfactorias y dan pie para continuar con las acciones finales que permitan instalar el segundo puente met\u00e1lico, dijo el subdirector de Gesti\u00f3n de Riesgo del Instituto, V\u00edctor Hugo R\u00edos.<\/p>\n<p>Para llevar a cabo los trabajos finales en la instalaci\u00f3n del segundo puente met\u00e1lico es necesario subir el nivel de la v\u00eda a lo largo de 300 metros, tanto del lado de Sardinata como del que va hacia Oca\u00f1a, actividad que se conoce como terraplenes, pendientes necesarias para habilitar el paso en esa zona.<\/p>\n<p><a href=\"https:\/\/contraluzcucuta.co\/wp-content\/uploads\/2023\/09\/EL-TARRITA-12.jpg\"><img loading=\"lazy\" decoding=\"async\" class=\"alignnone size-medium wp-image-39009 alignleft\" src=\"https:\/\/contraluzcucuta.co\/wp-content\/uploads\/2023\/09\/EL-TARRITA-12-300x169.jpg\" alt=\"\" width=\"300\" height=\"169\" srcset=\"https:\/\/contraluzcucuta.co\/wp-content\/uploads\/2023\/09\/EL-TARRITA-12-300x169.jpg 300w, https:\/\/contraluzcucuta.co\/wp-content\/uploads\/2023\/09\/EL-TARRITA-12-600x338.jpg 600w, https:\/\/contraluzcucuta.co\/wp-content\/uploads\/2023\/09\/EL-TARRITA-12-1024x576.jpg 1024w, https:\/\/contraluzcucuta.co\/wp-content\/uploads\/2023\/09\/EL-TARRITA-12-768x432.jpg 768w, https:\/\/contraluzcucuta.co\/wp-content\/uploads\/2023\/09\/EL-TARRITA-12-1536x864.jpg 1536w, https:\/\/contraluzcucuta.co\/wp-content\/uploads\/2023\/09\/EL-TARRITA-12.jpg 1600w\" sizes=\"auto, (max-width: 300px) 100vw, 300px\" \/><\/a><\/p>\n<p>El Instituto reitera el llamado a la prudencia a los usuarios viales para que no atraviesen el r\u00edo de la manera en la que lo hacen, lo cual no est\u00e1 autorizado y son acciones peligrosas, porque en algunos d\u00edas se han presentado lluvias en la zona.<\/p>\n<p>El Gobierno ratifica el compromiso con las poblaciones m\u00e1s necesitadas, por medio de obras que permiten dinamizar la econom\u00eda regional, en la b\u00fasqueda de una justicia social, ambiental y econ\u00f3mica para todos y todas.<\/p>\n<p>@InviasOficial<\/p>\n","protected":false},"excerpt":{"rendered":"<p>\u00c1BREGO, NORTE DE SANTANDER.- Luego de superar las pruebas de carga en el puente met\u00e1lico sector \u2018El Turco\u2019 para veh\u00edculos livianos y de carga con peso de hasta 52 toneladas, las actividades ahora est\u00e1n centradas en consolidar los terraplenes en las zonas de acceso a la estructura para mejorar el tr\u00e1nsito de veh\u00edculos.\u00a0 El Instituto &hellip;<\/p>\n","protected":false},"author":1,"featured_media":39007,"comment_status":"open","ping_status":"open","sticky":false,"template":"","format":"standard","meta":{"footnotes":""},"categories":[4,6],"tags":[5668,393],"class_list":["post-39006","post","type-post","status-publish","format-standard","has-post-thumbnail","hentry","category-barra","category-ojo-avizor","tag-el-tarrita","tag-invias"],"_links":{"self":[{"href":"https:\/\/contraluzcucuta.co\/index.php?rest_route=\/wp\/v2\/posts\/39006","targetHints":{"allow":["GET"]}}],"collection":[{"href":"https:\/\/contraluzcucuta.co\/index.php?rest_route=\/wp\/v2\/posts"}],"about":[{"href":"https:\/\/contraluzcucuta.co\/index.php?rest_route=\/wp\/v2\/types\/post"}],"author":[{"embeddable":true,"href":"https:\/\/contraluzcucuta.co\/index.php?rest_route=\/wp\/v2\/users\/1"}],"replies":[{"embeddable":true,"href":"https:\/\/contraluzcucuta.co\/index.php?rest_route=%2Fwp%2Fv2%2Fcomments&post=39006"}],"version-history":[{"count":1,"href":"https:\/\/contraluzcucuta.co\/index.php?rest_route=\/wp\/v2\/posts\/39006\/revisions"}],"predecessor-version":[{"id":39010,"href":"https:\/\/contraluzcucuta.co\/index.php?rest_route=\/wp\/v2\/posts\/39006\/revisions\/39010"}],"wp:featuredmedia":[{"embeddable":true,"href":"https:\/\/contraluzcucuta.co\/index.php?rest_route=\/wp\/v2\/media\/39007"}],"wp:attachment":[{"href":"https:\/\/contraluzcucuta.co\/index.php?rest_route=%2Fwp%2Fv2%2Fmedia&parent=39006"}],"wp:term":[{"taxonomy":"category","embeddable":true,"href":"https:\/\/contraluzcucuta.co\/index.php?rest_route=%2Fwp%2Fv2%2Fcategories&post=39006"},{"taxonomy":"post_tag","embeddable":true,"href":"https:\/\/contraluzcucuta.co\/index.php?rest_route=%2Fwp%2Fv2%2Ftags&post=39006"}],"curies":[{"name":"wp","href":"https:\/\/api.w.org\/{rel}","templated":true}]}}