{"id":38996,"date":"2023-09-08T04:59:02","date_gmt":"2023-09-08T09:59:02","guid":{"rendered":"http:\/\/contraluzcucuta.co\/?p=38996"},"modified":"2023-09-08T04:59:02","modified_gmt":"2023-09-08T09:59:02","slug":"paseo-cultural-reyes-artista-de-chinacota-que-se-luce-en-peru","status":"publish","type":"post","link":"https:\/\/contraluzcucuta.co\/?p=38996","title":{"rendered":"PASEO CULTURAL. Reyes, artista de Chin\u00e1cota que se luce en Per\u00fa"},"content":{"rendered":"<p style=\"padding-left: 40px; text-align: right;\"><strong><span style=\"color: #ff9900;\">C\u00daCUTA.- Para alcanzar el \u00e9xito solo hay que tomar decisiones sin mirar hacia atr\u00e1s. Basta con tener el sue\u00f1o y asumir la responsabilidad de hacerlo realidad. Lo dem\u00e1s, esperar\u00e1.<\/span><\/strong><\/p>\n<p>As\u00ed, seguro, pens\u00f3 Reyes Heliz\u00e1nder, cuando agarr\u00f3 la maleta, se mont\u00f3 al colectivo en Chin\u00e1cota y parti\u00f3 en busca de ese futuro que anhelaba. Hoy, muchos a\u00f1os despu\u00e9s de ese viaje, triunfa a sus anchas en Uchiza, (San Mart\u00edn, Per\u00fa).<\/p>\n<p>La \u00faltima de las obras terminadas es el busto del General Don Jos\u00e9 de San Mart\u00edn. Un sal\u00f3n de la Embajada de Argentina en Per\u00fa exhibir\u00e1 para siempre el trabajo de este artista que comenz\u00f3 como caricaturista y ahora se desenvuelve en el mundo de la escultura.<\/p>\n<p><a href=\"https:\/\/contraluzcucuta.co\/wp-content\/uploads\/2023\/09\/REYES-1.jpg\"><img loading=\"lazy\" decoding=\"async\" class=\"alignnone size-medium wp-image-38998 alignleft\" src=\"https:\/\/contraluzcucuta.co\/wp-content\/uploads\/2023\/09\/REYES-1-258x300.jpg\" alt=\"\" width=\"258\" height=\"300\" srcset=\"https:\/\/contraluzcucuta.co\/wp-content\/uploads\/2023\/09\/REYES-1-258x300.jpg 258w, https:\/\/contraluzcucuta.co\/wp-content\/uploads\/2023\/09\/REYES-1-600x698.jpg 600w, https:\/\/contraluzcucuta.co\/wp-content\/uploads\/2023\/09\/REYES-1-881x1024.jpg 881w, https:\/\/contraluzcucuta.co\/wp-content\/uploads\/2023\/09\/REYES-1-768x893.jpg 768w, https:\/\/contraluzcucuta.co\/wp-content\/uploads\/2023\/09\/REYES-1-1321x1536.jpg 1321w, https:\/\/contraluzcucuta.co\/wp-content\/uploads\/2023\/09\/REYES-1.jpg 1376w\" sizes=\"auto, (max-width: 258px) 100vw, 258px\" \/><\/a><\/p>\n<p>El busto se lo encargaron, porque hace parte de la conmemoraci\u00f3n de la expedici\u00f3n que lleg\u00f3 al puerto peruano de Pisco, el 8 septiembre de 1820, como parte de la Expedici\u00f3n Libertadora del Per\u00fa. Don Jos\u00e9 de San Mart\u00edn desembarc\u00f3 en la bah\u00eda Paracas.<\/p>\n<p>La celebraci\u00f3n del acontecimiento, anualmente, ten\u00eda previsto entre las actividades destacadas la entrega de la obra. Reyes, de nuevo, se alz\u00f3 con los honores y dej\u00f3 el nombre de Colombia en alto y su sello estampado en la sede diplom\u00e1tica.<\/p>\n<p>Otro trabajo es el monumento a Santo Domingo de Guzm\u00e1n, por encargo para la Municipalidad.<\/p>\n","protected":false},"excerpt":{"rendered":"<p>C\u00daCUTA.- Para alcanzar el \u00e9xito solo hay que tomar decisiones sin mirar hacia atr\u00e1s. Basta con tener el sue\u00f1o y asumir la responsabilidad de hacerlo realidad. Lo dem\u00e1s, esperar\u00e1. As\u00ed, seguro, pens\u00f3 Reyes Heliz\u00e1nder, cuando agarr\u00f3 la maleta, se mont\u00f3 al colectivo en Chin\u00e1cota y parti\u00f3 en busca de ese futuro que anhelaba. Hoy, muchos &hellip;<\/p>\n","protected":false},"author":1,"featured_media":38997,"comment_status":"open","ping_status":"open","sticky":false,"template":"","format":"standard","meta":{"footnotes":""},"categories":[4,37],"tags":[4599,5698],"class_list":["post-38996","post","type-post","status-publish","format-standard","has-post-thumbnail","hentry","category-barra","category-paseo-cultural","tag-paseo-cultural","tag-reyes-helizander"],"_links":{"self":[{"href":"https:\/\/contraluzcucuta.co\/index.php?rest_route=\/wp\/v2\/posts\/38996","targetHints":{"allow":["GET"]}}],"collection":[{"href":"https:\/\/contraluzcucuta.co\/index.php?rest_route=\/wp\/v2\/posts"}],"about":[{"href":"https:\/\/contraluzcucuta.co\/index.php?rest_route=\/wp\/v2\/types\/post"}],"author":[{"embeddable":true,"href":"https:\/\/contraluzcucuta.co\/index.php?rest_route=\/wp\/v2\/users\/1"}],"replies":[{"embeddable":true,"href":"https:\/\/contraluzcucuta.co\/index.php?rest_route=%2Fwp%2Fv2%2Fcomments&post=38996"}],"version-history":[{"count":1,"href":"https:\/\/contraluzcucuta.co\/index.php?rest_route=\/wp\/v2\/posts\/38996\/revisions"}],"predecessor-version":[{"id":38999,"href":"https:\/\/contraluzcucuta.co\/index.php?rest_route=\/wp\/v2\/posts\/38996\/revisions\/38999"}],"wp:featuredmedia":[{"embeddable":true,"href":"https:\/\/contraluzcucuta.co\/index.php?rest_route=\/wp\/v2\/media\/38997"}],"wp:attachment":[{"href":"https:\/\/contraluzcucuta.co\/index.php?rest_route=%2Fwp%2Fv2%2Fmedia&parent=38996"}],"wp:term":[{"taxonomy":"category","embeddable":true,"href":"https:\/\/contraluzcucuta.co\/index.php?rest_route=%2Fwp%2Fv2%2Fcategories&post=38996"},{"taxonomy":"post_tag","embeddable":true,"href":"https:\/\/contraluzcucuta.co\/index.php?rest_route=%2Fwp%2Fv2%2Ftags&post=38996"}],"curies":[{"name":"wp","href":"https:\/\/api.w.org\/{rel}","templated":true}]}}