{"id":38987,"date":"2023-09-08T04:36:25","date_gmt":"2023-09-08T09:36:25","guid":{"rendered":"http:\/\/contraluzcucuta.co\/?p=38987"},"modified":"2023-09-08T04:36:50","modified_gmt":"2023-09-08T09:36:50","slug":"ruben-tanucci-aprendi-a-querer-estos-colores-y-a-la-ciudad","status":"publish","type":"post","link":"https:\/\/contraluzcucuta.co\/?p=38987","title":{"rendered":"RUB\u00c9N TANUCCI. \u201cAprend\u00ed a querer estos colores y a la ciudad\u201d"},"content":{"rendered":"<p style=\"padding-left: 40px; text-align: right;\"><strong><span style=\"color: #ff9900;\">C\u00daCUTA.- El profesor Rub\u00e9n Tanucci fue despedido del C\u00facuta Deportivo, el 5 de septiembre, y tampoco sabe por qu\u00e9, si el proceso daba frutos en la Copa Colombia, el equipo disputar\u00e1 los cuartos de final, y en el Torneo est\u00e1 entre los 8 que disputar\u00e1n los cuadrangulares. En las \u00faltimas horas se conoci\u00f3 la carta en la que expresa que no oculta \u201cla sorpresa que caus\u00f3 en m\u00ed que se me haya desvinculado\u201d.<\/span><\/strong><\/p>\n<p>Mostr\u00f3 respeto por la decisi\u00f3n de la directiva \u201ca pesar de las circunstancias que han llevado a mi despido\u201d y agradeci\u00f3 a los aficionados el \u201capoyo incondicional durante mi tiempo en el cargo\u201d. Reiter\u00f3 que mantiene la esperanza que los hinchas \u201ccontin\u00faen apoyando con pasi\u00f3n y determinaci\u00f3n a este grupo de futbolistas\u201d.<\/p>\n<p><a href=\"https:\/\/contraluzcucuta.co\/wp-content\/uploads\/2023\/09\/RUBEN-TANUCCI-1.jpg\"><img loading=\"lazy\" decoding=\"async\" class=\"alignnone size-medium wp-image-38989 alignleft\" src=\"https:\/\/contraluzcucuta.co\/wp-content\/uploads\/2023\/09\/RUBEN-TANUCCI-1-300x233.jpg\" alt=\"\" width=\"300\" height=\"233\" srcset=\"https:\/\/contraluzcucuta.co\/wp-content\/uploads\/2023\/09\/RUBEN-TANUCCI-1-300x233.jpg 300w, https:\/\/contraluzcucuta.co\/wp-content\/uploads\/2023\/09\/RUBEN-TANUCCI-1-600x466.jpg 600w, https:\/\/contraluzcucuta.co\/wp-content\/uploads\/2023\/09\/RUBEN-TANUCCI-1-1024x795.jpg 1024w, https:\/\/contraluzcucuta.co\/wp-content\/uploads\/2023\/09\/RUBEN-TANUCCI-1-768x596.jpg 768w, https:\/\/contraluzcucuta.co\/wp-content\/uploads\/2023\/09\/RUBEN-TANUCCI-1.jpg 1484w\" sizes=\"auto, (max-width: 300px) 100vw, 300px\" \/><\/a><\/p>\n<p>Resalt\u00f3 la fiesta que se vive en el estadio y dijo que el aliento y la energ\u00eda son \u201cfundamentales para impulsar al equipo y crear el ambiente \u00fanico que se vive en cada encuentro en el General Santander. Su amor por el C\u00facuta Deportivo es inspirador\u201d.<\/p>\n<p>Analiz\u00f3 el tiempo que pas\u00f3 como entrenador del C\u00facuta\u00a0 Deportivo y lo calific\u00f3 como \u201cun honor y un privilegio\u201d. Reconoci\u00f3 que aprendi\u00f3 \u201ca querer estos colores y a la ciudad\u201d, de los que se lleva recuerdos inolvidables. \u201cEstoy agradecido por la oportunidad de haber sido parte de esta familia futbol\u00edstica\u201d.<\/p>\n<p>Y por \u00faltimo el deseo para futbolistas y aficionados: \u201cel mayor de los \u00e9xitos en el futuro. Que su pasi\u00f3n por el f\u00fatbol siga encendida y que el C\u00facuta Deportivo alcance el objetivo que tanto anhelamos: ascender\u201d.<\/p>\n","protected":false},"excerpt":{"rendered":"<p>C\u00daCUTA.- El profesor Rub\u00e9n Tanucci fue despedido del C\u00facuta Deportivo, el 5 de septiembre, y tampoco sabe por qu\u00e9, si el proceso daba frutos en la Copa Colombia, el equipo disputar\u00e1 los cuartos de final, y en el Torneo est\u00e1 entre los 8 que disputar\u00e1n los cuadrangulares. En las \u00faltimas horas se conoci\u00f3 la carta &hellip;<\/p>\n","protected":false},"author":1,"featured_media":38988,"comment_status":"open","ping_status":"open","sticky":false,"template":"","format":"standard","meta":{"footnotes":""},"categories":[4,28],"tags":[5541,4163],"class_list":["post-38987","post","type-post","status-publish","format-standard","has-post-thumbnail","hentry","category-barra","category-vistazo-deportivo","tag-cucuta-deportivo-2023","tag-ruben-tanucci"],"_links":{"self":[{"href":"https:\/\/contraluzcucuta.co\/index.php?rest_route=\/wp\/v2\/posts\/38987","targetHints":{"allow":["GET"]}}],"collection":[{"href":"https:\/\/contraluzcucuta.co\/index.php?rest_route=\/wp\/v2\/posts"}],"about":[{"href":"https:\/\/contraluzcucuta.co\/index.php?rest_route=\/wp\/v2\/types\/post"}],"author":[{"embeddable":true,"href":"https:\/\/contraluzcucuta.co\/index.php?rest_route=\/wp\/v2\/users\/1"}],"replies":[{"embeddable":true,"href":"https:\/\/contraluzcucuta.co\/index.php?rest_route=%2Fwp%2Fv2%2Fcomments&post=38987"}],"version-history":[{"count":2,"href":"https:\/\/contraluzcucuta.co\/index.php?rest_route=\/wp\/v2\/posts\/38987\/revisions"}],"predecessor-version":[{"id":38991,"href":"https:\/\/contraluzcucuta.co\/index.php?rest_route=\/wp\/v2\/posts\/38987\/revisions\/38991"}],"wp:featuredmedia":[{"embeddable":true,"href":"https:\/\/contraluzcucuta.co\/index.php?rest_route=\/wp\/v2\/media\/38988"}],"wp:attachment":[{"href":"https:\/\/contraluzcucuta.co\/index.php?rest_route=%2Fwp%2Fv2%2Fmedia&parent=38987"}],"wp:term":[{"taxonomy":"category","embeddable":true,"href":"https:\/\/contraluzcucuta.co\/index.php?rest_route=%2Fwp%2Fv2%2Fcategories&post=38987"},{"taxonomy":"post_tag","embeddable":true,"href":"https:\/\/contraluzcucuta.co\/index.php?rest_route=%2Fwp%2Fv2%2Ftags&post=38987"}],"curies":[{"name":"wp","href":"https:\/\/api.w.org\/{rel}","templated":true}]}}