{"id":38844,"date":"2023-08-01T19:30:11","date_gmt":"2023-08-02T00:30:11","guid":{"rendered":"http:\/\/contraluzcucuta.co\/?p=38844"},"modified":"2023-08-01T19:30:11","modified_gmt":"2023-08-02T00:30:11","slug":"elecciones-2023-carrera-por-la-alcaldia-y-la-gobernacion","status":"publish","type":"post","link":"https:\/\/contraluzcucuta.co\/?p=38844","title":{"rendered":"ELECCIONES 2023. Carrera por la Alcald\u00eda y la Gobernaci\u00f3n"},"content":{"rendered":"<p style=\"padding-left: 40px; text-align: right;\"><strong><span style=\"color: #ff9900;\">C\u00daCUTA.- A pesar de las reformas pol\u00edticas, de las gabelas y de las prebendas que se les ofrecen a las mujeres, a la hora de inscribirse como candidatas para la Alcald\u00eda de C\u00facuta se esconden, no muestran inter\u00e9s o no les gusta la idea de gobernar a la capital de Norte de Santander.<\/span><\/strong><\/p>\n<p>En cambio, los hombres buscan pretextos, consignas, alianzas y antojos para buscar el cargo y obtener el respaldo popular en las urnas. Momentos previos al registro como aspirantes oficiales por cualquier partido, grupo significativo o copatrocinio aparecen interesados con diversos prop\u00f3sitos.<\/p>\n<p>Desde la capital del pa\u00eds llegan con pergaminos que no les alcanzan. De la ciudad surgen nuevos y curtidos. De la academia brotan veteranos e imberbes. En el Concejo germinan los futuros gobernantes. En las calles emergen los nuevos adalides. En los parques se forman los luchadores contra los males cucute\u00f1os.<\/p>\n<p>As\u00ed, cada uno piensa un lema, inventa una estrategia, ataca un problema, expone un listado de obras, busca seguidores, compra vallas, pega afiches, empe\u00f1a casas y se lanza en pos del tercer piso del Palacio Municipal.<\/p>\n<p>Y como en un equipo de f\u00fatbol, esta es la n\u00f3mina de candidatos.<\/p>\n<p>1.- Blanca Cruz Gonz\u00e1lez, Partido Esperanza Democr\u00e1tica.<\/p>\n<ol start=\"2\">\n<li>Leonardo J\u00e1come, C\u00facuta Avanza, coavalado por partidos Liberal, Conservador y la U.<\/li>\n<li>Jorge Acevedo, Todos por C\u00facuta.<\/li>\n<li>Emerson Meneses, Nueva Fuerza Democr\u00e1tica.<\/li>\n<li>Juan Bocanegra, por firmas y coaval del Nuevo Liberalismo y Partido En Marcha.<\/li>\n<li>Sergio Maldonado, Alianza Verde.<\/li>\n<li>Carlos Jaimes, Partido Dem\u00f3crata Colombiano.<\/li>\n<li>Mario Figueroa, Fuerza Ciudadana.<\/li>\n<li>David Fajardo, Partido Independientes.<\/li>\n<li>Isaac Garc\u00eda, Pacto Hist\u00f3rico.<\/li>\n<li>F\u00e9lix Mu\u00f1oz, Partido Verde Ox\u00edgeno.<\/li>\n<li>C\u00e9sar Rojas, C\u00facuta Tiene Con Qu\u00e9 y coaval del Partido Cambio Radical.<\/li>\n<li>Mart\u00edn Rojas, Por Una C\u00facuta Valiente, Partido Ecologista Colombiano y Partido AICO.<\/li>\n<li>Juan Carlos Garc\u00eda Herreros, Centro Democr\u00e1tico.<\/li>\n<li>Jos\u00e9 Luis Mora, movimiento Nuevas Ideas.<\/li>\n<\/ol>\n<figure id=\"attachment_38846\" aria-describedby=\"caption-attachment-38846\" style=\"width: 279px\" class=\"wp-caption alignleft\"><a href=\"https:\/\/contraluzcucuta.co\/wp-content\/uploads\/2023\/08\/PALACIO-DEPARTAMENTAL-1.jpg\"><img loading=\"lazy\" decoding=\"async\" class=\"size-full wp-image-38846\" src=\"https:\/\/contraluzcucuta.co\/wp-content\/uploads\/2023\/08\/PALACIO-DEPARTAMENTAL-1.jpg\" alt=\"\" width=\"279\" height=\"180\" \/><\/a><figcaption id=\"caption-attachment-38846\" class=\"wp-caption-text\">Foto: Tomada de Internet<\/figcaption><\/figure>\n<p>Para la Gobernaci\u00f3n de Norte de Santander:<\/p>\n<ol>\n<li>William Villamizar, Por Amor Al Norte de Santander y coaval de los partidos Liberal, Conservador, Cambio Radical y la U.<\/li>\n<li>Luis Eduardo Mora, Centro Democr\u00e1tico y Movimiento Salvaci\u00f3n Nacional.<\/li>\n<li>Diego Gonz\u00e1lez, Los Buenos Somos M\u00e1s.<\/li>\n<li>Juan Gabriel Baca, Hagamos Empresa Unidos Ganamos Todos.<\/li>\n<li>John Edison Ortega, Partido Alianza Verde.<\/li>\n<li>Marlon Chac\u00f3n, Partido Nueva Fuerza Democr\u00e1tica.<\/li>\n<li>Jos\u00e9 Gregorio Botello, Nuevo Liberalismo.<\/li>\n<li>Ram\u00f3n El\u00ed T\u00e1mara, Esperanza Democr\u00e1tica.<\/li>\n<\/ol>\n","protected":false},"excerpt":{"rendered":"<p>C\u00daCUTA.- A pesar de las reformas pol\u00edticas, de las gabelas y de las prebendas que se les ofrecen a las mujeres, a la hora de inscribirse como candidatas para la Alcald\u00eda de C\u00facuta se esconden, no muestran inter\u00e9s o no les gusta la idea de gobernar a la capital de Norte de Santander. En cambio, &hellip;<\/p>\n","protected":false},"author":1,"featured_media":38845,"comment_status":"open","ping_status":"open","sticky":false,"template":"","format":"standard","meta":{"footnotes":""},"categories":[45,4],"tags":[3179,2206,2312,5540],"class_list":["post-38844","post","type-post","status-publish","format-standard","has-post-thumbnail","hentry","category-destacado","category-barra","tag-alcadia-de-cucuta","tag-candidatos-a-la-alcadia-de-cucuta","tag-candidatos-a-la-gobernacion","tag-elecciones-2023"],"_links":{"self":[{"href":"https:\/\/contraluzcucuta.co\/index.php?rest_route=\/wp\/v2\/posts\/38844","targetHints":{"allow":["GET"]}}],"collection":[{"href":"https:\/\/contraluzcucuta.co\/index.php?rest_route=\/wp\/v2\/posts"}],"about":[{"href":"https:\/\/contraluzcucuta.co\/index.php?rest_route=\/wp\/v2\/types\/post"}],"author":[{"embeddable":true,"href":"https:\/\/contraluzcucuta.co\/index.php?rest_route=\/wp\/v2\/users\/1"}],"replies":[{"embeddable":true,"href":"https:\/\/contraluzcucuta.co\/index.php?rest_route=%2Fwp%2Fv2%2Fcomments&post=38844"}],"version-history":[{"count":1,"href":"https:\/\/contraluzcucuta.co\/index.php?rest_route=\/wp\/v2\/posts\/38844\/revisions"}],"predecessor-version":[{"id":38847,"href":"https:\/\/contraluzcucuta.co\/index.php?rest_route=\/wp\/v2\/posts\/38844\/revisions\/38847"}],"wp:featuredmedia":[{"embeddable":true,"href":"https:\/\/contraluzcucuta.co\/index.php?rest_route=\/wp\/v2\/media\/38845"}],"wp:attachment":[{"href":"https:\/\/contraluzcucuta.co\/index.php?rest_route=%2Fwp%2Fv2%2Fmedia&parent=38844"}],"wp:term":[{"taxonomy":"category","embeddable":true,"href":"https:\/\/contraluzcucuta.co\/index.php?rest_route=%2Fwp%2Fv2%2Fcategories&post=38844"},{"taxonomy":"post_tag","embeddable":true,"href":"https:\/\/contraluzcucuta.co\/index.php?rest_route=%2Fwp%2Fv2%2Ftags&post=38844"}],"curies":[{"name":"wp","href":"https:\/\/api.w.org\/{rel}","templated":true}]}}