{"id":38828,"date":"2023-07-27T19:56:27","date_gmt":"2023-07-28T00:56:27","guid":{"rendered":"http:\/\/contraluzcucuta.co\/?p=38828"},"modified":"2023-07-27T19:56:27","modified_gmt":"2023-07-28T00:56:27","slug":"copa-colombia-cucuta-deportivo-un-paso-adelante-de-junior","status":"publish","type":"post","link":"https:\/\/contraluzcucuta.co\/?p=38828","title":{"rendered":"COPA COLOMBIA. C\u00facuta Deportivo, un paso adelante de Junior"},"content":{"rendered":"<p style=\"padding-left: 40px; text-align: right;\"><strong><span style=\"color: #ff9900;\">C\u00daCUTA.- La tarde era ideal para jugar f\u00fatbol; el rival se prestaba para augurar que ser\u00eda un buen partido; el estadio aguardaba por los aficionados; el anfitri\u00f3n ten\u00eda motivos para poner la mente en positivo; los hinchas quer\u00edan ver un gran espect\u00e1culo; las porristas hab\u00edan preparado la coreograf\u00eda y los indios y los \u00f1eros quer\u00edan enfrentarse a grito limpio.<\/span><\/strong><\/p>\n<p>C\u00facuta Deportivo ven\u00eda de ganar en el torneo. Fue un debut que, a pesar del triunfo, no alcanz\u00f3 a despertar inter\u00e9s entre los seguidores rojinegros. Todav\u00eda en la mente de los orgullosos espectadores est\u00e1 el resultado final del primer semestre. Casi todo estaba dado para llegar a la final, pero no fue as\u00ed. Y esa imagen perdura en el colectivo motil\u00f3n.<\/p>\n<p>Aunque este partido correspond\u00eda a la Copa Dimayor y el adversario era el siempre encopetado Junior de Barranquilla, no fueron argumentos suficientes para que los cucute\u00f1os abandonaran los puestos de trabajo, como en ocasiones recientes, para atiborrar al General Santander.<\/p>\n<p>A esos elementos se agrega otro aditamento. Los precios de la boleter\u00eda. Sur y Norte $ 35.000, Oriental $ 48.000 y Occidental $ 75.000 es mucho billete cuando la fe se ha perdido. Fe en los directivos, fe en el equipo, fe en el futuro, fe en el presente, fe en las contrataciones. Sin fe no hay esperanza, predica el sacerdote en la homil\u00eda dominical.<\/p>\n<p><a href=\"https:\/\/contraluzcucuta.co\/wp-content\/uploads\/2023\/07\/CUCUTA-JUNIOR-4.jpg\"><img loading=\"lazy\" decoding=\"async\" class=\"alignnone size-medium wp-image-38830 alignleft\" src=\"https:\/\/contraluzcucuta.co\/wp-content\/uploads\/2023\/07\/CUCUTA-JUNIOR-4-300x225.jpg\" alt=\"\" width=\"300\" height=\"225\" srcset=\"https:\/\/contraluzcucuta.co\/wp-content\/uploads\/2023\/07\/CUCUTA-JUNIOR-4-300x225.jpg 300w, https:\/\/contraluzcucuta.co\/wp-content\/uploads\/2023\/07\/CUCUTA-JUNIOR-4-600x450.jpg 600w, https:\/\/contraluzcucuta.co\/wp-content\/uploads\/2023\/07\/CUCUTA-JUNIOR-4-1024x768.jpg 1024w, https:\/\/contraluzcucuta.co\/wp-content\/uploads\/2023\/07\/CUCUTA-JUNIOR-4-768x576.jpg 768w, https:\/\/contraluzcucuta.co\/wp-content\/uploads\/2023\/07\/CUCUTA-JUNIOR-4-1536x1152.jpg 1536w, https:\/\/contraluzcucuta.co\/wp-content\/uploads\/2023\/07\/CUCUTA-JUNIOR-4.jpg 1600w\" sizes=\"auto, (max-width: 300px) 100vw, 300px\" \/><\/a><\/p>\n<p>Lo ocurrido en la cancha, este jueves, daba la raz\u00f3n a quienes se quedaron en casa, donde el vecino o en el negocio de la esquina para ver el encuentro por televisi\u00f3n, por se\u00f1al paga o gorreada. Los tiburones tomaron las riendas del compromiso y no prestaron el bal\u00f3n a los locales. Vestidos de blanco con visos azules, raro uniforme para los barranquilleros, se apoderaron del campo de juego y transitaron de lado a lado sin oposici\u00f3n alguna.<\/p>\n<p>Ese tr\u00e1mite se volvi\u00f3 intranscendente por cuanto no llegaron a los predios del argentino Mastrol\u00eda, cuidapalos rojinegro. En cambio, en un yerro de la defensa visitante, se produjo la primera alegr\u00eda para los grader\u00edos. Cabezazo de Olivera, autogol. 1 \u2013 0.<\/p>\n<p>En las tribunas no se sent\u00eda ese ambiente fiestero al que est\u00e1n acostumbrados los aficionados y que tanto preocupa a los rivales, porque a los 30 grados cent\u00edgrados, se suman la algarab\u00eda, los hachepetazos y los gritos. Solo hasta cuando Agudelo, el capit\u00e1n, aument\u00f3 la cuenta despert\u00f3 el motil\u00f3n que los presentes llevan dentro. 2 \u2013 0.<\/p>\n<p>Sin embargo, no hay felicidad que dure mucho. Fuentes marc\u00f3 el descuento en un descuido de la defensa y el pesimismo aflor\u00f3 en el General. 2 \u2013 1. El f\u00fatbol tiene sus caprichos y los letrados del balompi\u00e9 dicen que acerca de este deporte no hay nada escrito. Sesenta segundos bastaron para que Estupi\u00f1\u00e1n alargara la cuenta e hiciera pensar que la goleada asomaba. 3 \u2013 1.<\/p>\n<p>Rojas le dio un respiro al desesperado \u2018Bolillo\u2019. Acort\u00f3 la distancia en el marcador. 3 \u2013 2. As\u00ed el tablero electr\u00f3nico no sirva, los hinchas llevan las cuentas claritas. Los tiburones quer\u00edan la paridad y buscaron llegar a predios motilones.<\/p>\n<p>Lucas R\u00edos les baj\u00f3 los humos. 4 \u2013 2. M\u00e1s sonrisas en los grader\u00edos, abrazos, golpes de mano, saltos euf\u00f3ricos y abrazos, porque estaban contentos. \u00a1Incre\u00edble! Un club de la B apabullaba a uno de los siempre llamados a alcanzar la estrella de la A.<\/p>\n<p>Dice el refr\u00e1n que tibur\u00f3n viejo nada suave. Expone la aleta para causar temor y se mueve con parsimonia por el \u00e1rea grande. Carlos Bacca, el internacional, el goleador de la selecci\u00f3n Colombia, el colombiano que jug\u00f3 en Europa, el futbolista que despert\u00f3 admiraci\u00f3n al otro lago del mar, el hombre que le marc\u00f3 goles a los mejores porteros del mundo, estaba en la cancha.<\/p>\n<p>El 70 en la camiseta hac\u00eda las veces de la aleta. Infund\u00eda miedo. De repente una jugada en el \u00e1rea chica, un toque con estilo, de taconazo, y el bal\u00f3n a lo profundo de la porter\u00eda. 4 \u2013 3. \u00bfQuer\u00edan espect\u00e1culo? Ah\u00ed se marc\u00f3 una bonita anotaci\u00f3n.<\/p>\n<p><a href=\"https:\/\/contraluzcucuta.co\/wp-content\/uploads\/2023\/07\/CUCUTA-JUNIOR-1.jpg\"><img loading=\"lazy\" decoding=\"async\" class=\"alignnone size-medium wp-image-38831 alignleft\" src=\"https:\/\/contraluzcucuta.co\/wp-content\/uploads\/2023\/07\/CUCUTA-JUNIOR-1-300x219.jpg\" alt=\"\" width=\"300\" height=\"219\" srcset=\"https:\/\/contraluzcucuta.co\/wp-content\/uploads\/2023\/07\/CUCUTA-JUNIOR-1-300x219.jpg 300w, https:\/\/contraluzcucuta.co\/wp-content\/uploads\/2023\/07\/CUCUTA-JUNIOR-1-600x439.jpg 600w, https:\/\/contraluzcucuta.co\/wp-content\/uploads\/2023\/07\/CUCUTA-JUNIOR-1-1024x749.jpg 1024w, https:\/\/contraluzcucuta.co\/wp-content\/uploads\/2023\/07\/CUCUTA-JUNIOR-1-768x562.jpg 768w, https:\/\/contraluzcucuta.co\/wp-content\/uploads\/2023\/07\/CUCUTA-JUNIOR-1.jpg 1500w\" sizes=\"auto, (max-width: 300px) 100vw, 300px\" \/><\/a><\/p>\n<p>Hern\u00e1n Dar\u00edo G\u00f3mez no ten\u00eda genio para sonre\u00edr. Solo aguarda la vuelta, el 16 de agosto, a las 6:00 de la tarde, en el Estadio Metropolitano Roberto Mel\u00e9ndez, para desquitarse y quitarle los br\u00edos a Rub\u00e9n Tanucci, el t\u00e9cnico rojinegro, quien este 27 de julio le gan\u00f3 la partida y lo puso a pedir canoa ante los directivos barranquilleros.<\/p>\n<p><strong>RAFAEL ANTONIO PAB\u00d3N<\/strong><\/p>\n<p><strong><a href=\"mailto:rafaelpabon58@hotmail.com\">rafaelpabon58@hotmail.com<\/a><\/strong><\/p>\n","protected":false},"excerpt":{"rendered":"<p>C\u00daCUTA.- La tarde era ideal para jugar f\u00fatbol; el rival se prestaba para augurar que ser\u00eda un buen partido; el estadio aguardaba por los aficionados; el anfitri\u00f3n ten\u00eda motivos para poner la mente en positivo; los hinchas quer\u00edan ver un gran espect\u00e1culo; las porristas hab\u00edan preparado la coreograf\u00eda y los indios y los \u00f1eros quer\u00edan &hellip;<\/p>\n","protected":false},"author":1,"featured_media":38829,"comment_status":"open","ping_status":"open","sticky":false,"template":"","format":"standard","meta":{"footnotes":""},"categories":[4,28],"tags":[300,5541,1396,2356],"class_list":["post-38828","post","type-post","status-publish","format-standard","has-post-thumbnail","hentry","category-barra","category-vistazo-deportivo","tag-copa-colombia","tag-cucuta-deportivo-2023","tag-dimayor","tag-junior-de-barranquilla"],"_links":{"self":[{"href":"https:\/\/contraluzcucuta.co\/index.php?rest_route=\/wp\/v2\/posts\/38828","targetHints":{"allow":["GET"]}}],"collection":[{"href":"https:\/\/contraluzcucuta.co\/index.php?rest_route=\/wp\/v2\/posts"}],"about":[{"href":"https:\/\/contraluzcucuta.co\/index.php?rest_route=\/wp\/v2\/types\/post"}],"author":[{"embeddable":true,"href":"https:\/\/contraluzcucuta.co\/index.php?rest_route=\/wp\/v2\/users\/1"}],"replies":[{"embeddable":true,"href":"https:\/\/contraluzcucuta.co\/index.php?rest_route=%2Fwp%2Fv2%2Fcomments&post=38828"}],"version-history":[{"count":1,"href":"https:\/\/contraluzcucuta.co\/index.php?rest_route=\/wp\/v2\/posts\/38828\/revisions"}],"predecessor-version":[{"id":38832,"href":"https:\/\/contraluzcucuta.co\/index.php?rest_route=\/wp\/v2\/posts\/38828\/revisions\/38832"}],"wp:featuredmedia":[{"embeddable":true,"href":"https:\/\/contraluzcucuta.co\/index.php?rest_route=\/wp\/v2\/media\/38829"}],"wp:attachment":[{"href":"https:\/\/contraluzcucuta.co\/index.php?rest_route=%2Fwp%2Fv2%2Fmedia&parent=38828"}],"wp:term":[{"taxonomy":"category","embeddable":true,"href":"https:\/\/contraluzcucuta.co\/index.php?rest_route=%2Fwp%2Fv2%2Fcategories&post=38828"},{"taxonomy":"post_tag","embeddable":true,"href":"https:\/\/contraluzcucuta.co\/index.php?rest_route=%2Fwp%2Fv2%2Ftags&post=38828"}],"curies":[{"name":"wp","href":"https:\/\/api.w.org\/{rel}","templated":true}]}}