{"id":38799,"date":"2023-07-20T10:34:14","date_gmt":"2023-07-20T15:34:14","guid":{"rendered":"http:\/\/contraluzcucuta.co\/?p=38799"},"modified":"2023-07-20T10:34:14","modified_gmt":"2023-07-20T15:34:14","slug":"mayor-general-mora-quiero-ayudarles-a-gobernar-este-departamento","status":"publish","type":"post","link":"https:\/\/contraluzcucuta.co\/?p=38799","title":{"rendered":"MAYOR GENERAL MORA. \u201cQuiero ayudarles a gobernar este departamento\u201d."},"content":{"rendered":"<p style=\"padding-left: 40px; text-align: right;\"><strong><span style=\"color: #ff9900;\">C\u00daCUTA.- Centenares de ex integrantes del Ej\u00e9rcito y la Polic\u00eda rindieron homenaje, el 19 de julio, a los h\u00e9roes de la fuerza p\u00fablica. Vestidos con camisetas amarillas o blancas, en acato a la convocatoria, soportaron el inclemente sol de la ma\u00f1ana cucute\u00f1a para decir presente en el acto que se cumpli\u00f3 en el parque Santander.<\/span><\/strong><\/p>\n<p>Los oradores centraron las intervenciones en cr\u00edticas al gobierno de Gustavo Petro y arengas para alentar a los presentes. Cada frase contra la administraci\u00f3n central se convert\u00eda en aliento para sofocar el clima de m\u00e1s de 30 grados cent\u00edgrados.<\/p>\n<p><a href=\"https:\/\/contraluzcucuta.co\/wp-content\/uploads\/2023\/07\/MARCHA-3.jpg\"><img loading=\"lazy\" decoding=\"async\" class=\"alignnone size-medium wp-image-38801 alignleft\" src=\"https:\/\/contraluzcucuta.co\/wp-content\/uploads\/2023\/07\/MARCHA-3-225x300.jpg\" alt=\"\" width=\"225\" height=\"300\" srcset=\"https:\/\/contraluzcucuta.co\/wp-content\/uploads\/2023\/07\/MARCHA-3-225x300.jpg 225w, https:\/\/contraluzcucuta.co\/wp-content\/uploads\/2023\/07\/MARCHA-3-600x800.jpg 600w, https:\/\/contraluzcucuta.co\/wp-content\/uploads\/2023\/07\/MARCHA-3-768x1024.jpg 768w, https:\/\/contraluzcucuta.co\/wp-content\/uploads\/2023\/07\/MARCHA-3-1152x1536.jpg 1152w, https:\/\/contraluzcucuta.co\/wp-content\/uploads\/2023\/07\/MARCHA-3.jpg 1200w\" sizes=\"auto, (max-width: 225px) 100vw, 225px\" \/><\/a><\/p>\n<p>A los gritos de \u2018ese es, ese es, ese es\u2019, el mayor general Jorge Eduardo Moral aprovech\u00f3 el momento para presentar la candidatura a la Gobernaci\u00f3n de Norte de Santander. Luego de 36 a\u00f1os al servicio de Colombia, puso a disposici\u00f3n de los nortesantandereanos la hoja de vida<\/p>\n<p>para \u201cayudarles a gobernar este departamento\u201d.<\/p>\n<p>Entre los asistentes, madres y esposas de soldados y polic\u00edas muertos en acciones de la guerrilla mostraban las fotograf\u00edas de los hijos o los esposos para evitar que el recuerdo desaparezca.<\/p>\n<p>El exoficial record\u00f3 que desde ni\u00f1o aprendi\u00f3 a ser met\u00f3dico y a tener buenos h\u00e1bitos y a ser disciplinado. \u201cEso quiero ofrec\u00e9rselo a todos ustedes\u201d. Reiter\u00f3 que asume el compromiso de velar porque los h\u00e9roes de la patria tengan lo que merecen. \u201cNo es justo que quieran quitarles lo que se han ganado con sudor y sangre. Tenemos que pelear por ello\u201d.<\/p>\n<p>Al final del acto, a una voz y en tono fuerte repitieron la Oraci\u00f3n patria. \u201cColombia patria m\u00eda, te llevo con amor en mi coraz\u00f3n\u201d, y con el pu\u00f1o en alto gritaron \u201cViva Colombia, viva Colombia\u201d.<\/p>\n","protected":false},"excerpt":{"rendered":"<p>C\u00daCUTA.- Centenares de ex integrantes del Ej\u00e9rcito y la Polic\u00eda rindieron homenaje, el 19 de julio, a los h\u00e9roes de la fuerza p\u00fablica. Vestidos con camisetas amarillas o blancas, en acato a la convocatoria, soportaron el inclemente sol de la ma\u00f1ana cucute\u00f1a para decir presente en el acto que se cumpli\u00f3 en el parque Santander. &hellip;<\/p>\n","protected":false},"author":1,"featured_media":38800,"comment_status":"open","ping_status":"open","sticky":false,"template":"","format":"standard","meta":{"footnotes":""},"categories":[4,9],"tags":[5657,4495],"class_list":["post-38799","post","type-post","status-publish","format-standard","has-post-thumbnail","hentry","category-barra","category-politica","tag-mayor-general-jorge-mora","tag-precandidatos-a-la-gobernacion"],"_links":{"self":[{"href":"https:\/\/contraluzcucuta.co\/index.php?rest_route=\/wp\/v2\/posts\/38799","targetHints":{"allow":["GET"]}}],"collection":[{"href":"https:\/\/contraluzcucuta.co\/index.php?rest_route=\/wp\/v2\/posts"}],"about":[{"href":"https:\/\/contraluzcucuta.co\/index.php?rest_route=\/wp\/v2\/types\/post"}],"author":[{"embeddable":true,"href":"https:\/\/contraluzcucuta.co\/index.php?rest_route=\/wp\/v2\/users\/1"}],"replies":[{"embeddable":true,"href":"https:\/\/contraluzcucuta.co\/index.php?rest_route=%2Fwp%2Fv2%2Fcomments&post=38799"}],"version-history":[{"count":1,"href":"https:\/\/contraluzcucuta.co\/index.php?rest_route=\/wp\/v2\/posts\/38799\/revisions"}],"predecessor-version":[{"id":38802,"href":"https:\/\/contraluzcucuta.co\/index.php?rest_route=\/wp\/v2\/posts\/38799\/revisions\/38802"}],"wp:featuredmedia":[{"embeddable":true,"href":"https:\/\/contraluzcucuta.co\/index.php?rest_route=\/wp\/v2\/media\/38800"}],"wp:attachment":[{"href":"https:\/\/contraluzcucuta.co\/index.php?rest_route=%2Fwp%2Fv2%2Fmedia&parent=38799"}],"wp:term":[{"taxonomy":"category","embeddable":true,"href":"https:\/\/contraluzcucuta.co\/index.php?rest_route=%2Fwp%2Fv2%2Fcategories&post=38799"},{"taxonomy":"post_tag","embeddable":true,"href":"https:\/\/contraluzcucuta.co\/index.php?rest_route=%2Fwp%2Fv2%2Ftags&post=38799"}],"curies":[{"name":"wp","href":"https:\/\/api.w.org\/{rel}","templated":true}]}}