{"id":38793,"date":"2023-07-20T10:22:26","date_gmt":"2023-07-20T15:22:26","guid":{"rendered":"http:\/\/contraluzcucuta.co\/?p=38793"},"modified":"2023-07-20T10:22:46","modified_gmt":"2023-07-20T15:22:46","slug":"120-anos-del-corsaje-homenaje-a-los-hermanos-lasallistas","status":"publish","type":"post","link":"https:\/\/contraluzcucuta.co\/?p=38793","title":{"rendered":"120 A\u00d1OS DEL CORSAJE. Homenaje a los Hermanos Lasallistas"},"content":{"rendered":"<p style=\"padding-left: 40px;\"><strong><span style=\"color: #ff9900;\">C\u00daCUTA.- Los ex alumnos del colegio Sagrado Coraz\u00f3n de Jes\u00fas rendir\u00e1n homenaje a los Hermanos Lasallistas que han regentado el plantel educativo durante 120 a\u00f1os. En el Banquete de Egresados se encontrar\u00e1n estudiantes de las m\u00faltiples promociones que pasaron por las aulas del Corsaje. La reuni\u00f3n ser\u00e1 el 2 de agosto, a las 6:00 de la tarde, en el Club del Comercio.<\/span><\/strong><\/p>\n<p><a href=\"https:\/\/contraluzcucuta.co\/wp-content\/uploads\/2023\/07\/CORSAJISTA-1.jpg\"><img loading=\"lazy\" decoding=\"async\" class=\"alignnone size-medium wp-image-38795 alignleft\" src=\"https:\/\/contraluzcucuta.co\/wp-content\/uploads\/2023\/07\/CORSAJISTA-1-300x167.jpg\" alt=\"\" width=\"300\" height=\"167\" srcset=\"https:\/\/contraluzcucuta.co\/wp-content\/uploads\/2023\/07\/CORSAJISTA-1-300x167.jpg 300w, https:\/\/contraluzcucuta.co\/wp-content\/uploads\/2023\/07\/CORSAJISTA-1-600x334.jpg 600w, https:\/\/contraluzcucuta.co\/wp-content\/uploads\/2023\/07\/CORSAJISTA-1.jpg 719w\" sizes=\"auto, (max-width: 300px) 100vw, 300px\" \/><\/a><\/p>\n<p>El m\u00e9dico Rosendo C\u00e1ceres Dur\u00e1n ser\u00e1 el encargado de presidir la ceremonia de agradecimiento a los religiosos. \u201cOrgulloso y agradecido con el colegio Sagrado Coraz\u00f3n de Jes\u00fas, porque me abri\u00f3 las puertas para terminar el bachillerato y luego ingresar a la facultad de medicina de la Universidad Nacional de Colombia\u201d.<\/p>\n<p>&nbsp;<\/p>\n<p>&nbsp;<\/p>\n<p>&nbsp;<\/p>\n<p><a href=\"https:\/\/contraluzcucuta.co\/wp-content\/uploads\/2023\/07\/CORSAJISTA-2.jpg\"><img loading=\"lazy\" decoding=\"async\" class=\"alignnone size-medium wp-image-38796 alignleft\" src=\"https:\/\/contraluzcucuta.co\/wp-content\/uploads\/2023\/07\/CORSAJISTA-2-242x300.jpg\" alt=\"\" width=\"242\" height=\"300\" srcset=\"https:\/\/contraluzcucuta.co\/wp-content\/uploads\/2023\/07\/CORSAJISTA-2-242x300.jpg 242w, https:\/\/contraluzcucuta.co\/wp-content\/uploads\/2023\/07\/CORSAJISTA-2-600x743.jpg 600w, https:\/\/contraluzcucuta.co\/wp-content\/uploads\/2023\/07\/CORSAJISTA-2.jpg 719w\" sizes=\"auto, (max-width: 242px) 100vw, 242px\" \/><\/a><\/p>\n<p>El baloncesto es el deporte insignia del Sagrado Coraz\u00f3n. Ah\u00ed naci\u00f3 esta disciplina para Norte de Santander y consagr\u00f3 a j\u00f3venes en el \u00e1mbito nacional. Alfredo D\u00edaz Calder\u00f3n, es una de esas glorias vivas del basquetbol colombiano, jugador activo entre 1946-1962, represent\u00f3 a Colombia en Panamericanos, Sudamericanos, Centroamericanos y del Caribe y Juegos Croydon. Capit\u00e1n de la selecci\u00f3n, entrenador de Norte y comentarista deportivo en radio y televisi\u00f3n.<\/p>\n<p>Otro orgullo corsajista es Eduardo Ram\u00edrez Villamizar. Egresado en 1940, dibuj\u00f3 un tel\u00f3n de boca para el teatro del colegio, asesor\u00f3 en perspectiva a los hermanos Francisco y Filiberto Jorge en combinaci\u00f3n y tono de colores. El tel\u00f3n desapareci\u00f3.<\/p>\n","protected":false},"excerpt":{"rendered":"<p>C\u00daCUTA.- Los ex alumnos del colegio Sagrado Coraz\u00f3n de Jes\u00fas rendir\u00e1n homenaje a los Hermanos Lasallistas que han regentado el plantel educativo durante 120 a\u00f1os. En el Banquete de Egresados se encontrar\u00e1n estudiantes de las m\u00faltiples promociones que pasaron por las aulas del Corsaje. La reuni\u00f3n ser\u00e1 el 2 de agosto, a las 6:00 de &hellip;<\/p>\n","protected":false},"author":1,"featured_media":38794,"comment_status":"open","ping_status":"open","sticky":false,"template":"","format":"standard","meta":{"footnotes":""},"categories":[4,37],"tags":[1861,4910],"class_list":["post-38793","post","type-post","status-publish","format-standard","has-post-thumbnail","hentry","category-barra","category-paseo-cultural","tag-colegio-sagrado-corazon","tag-corsaje"],"_links":{"self":[{"href":"https:\/\/contraluzcucuta.co\/index.php?rest_route=\/wp\/v2\/posts\/38793","targetHints":{"allow":["GET"]}}],"collection":[{"href":"https:\/\/contraluzcucuta.co\/index.php?rest_route=\/wp\/v2\/posts"}],"about":[{"href":"https:\/\/contraluzcucuta.co\/index.php?rest_route=\/wp\/v2\/types\/post"}],"author":[{"embeddable":true,"href":"https:\/\/contraluzcucuta.co\/index.php?rest_route=\/wp\/v2\/users\/1"}],"replies":[{"embeddable":true,"href":"https:\/\/contraluzcucuta.co\/index.php?rest_route=%2Fwp%2Fv2%2Fcomments&post=38793"}],"version-history":[{"count":2,"href":"https:\/\/contraluzcucuta.co\/index.php?rest_route=\/wp\/v2\/posts\/38793\/revisions"}],"predecessor-version":[{"id":38798,"href":"https:\/\/contraluzcucuta.co\/index.php?rest_route=\/wp\/v2\/posts\/38793\/revisions\/38798"}],"wp:featuredmedia":[{"embeddable":true,"href":"https:\/\/contraluzcucuta.co\/index.php?rest_route=\/wp\/v2\/media\/38794"}],"wp:attachment":[{"href":"https:\/\/contraluzcucuta.co\/index.php?rest_route=%2Fwp%2Fv2%2Fmedia&parent=38793"}],"wp:term":[{"taxonomy":"category","embeddable":true,"href":"https:\/\/contraluzcucuta.co\/index.php?rest_route=%2Fwp%2Fv2%2Fcategories&post=38793"},{"taxonomy":"post_tag","embeddable":true,"href":"https:\/\/contraluzcucuta.co\/index.php?rest_route=%2Fwp%2Fv2%2Ftags&post=38793"}],"curies":[{"name":"wp","href":"https:\/\/api.w.org\/{rel}","templated":true}]}}