{"id":38789,"date":"2023-07-18T20:08:19","date_gmt":"2023-07-19T01:08:19","guid":{"rendered":"http:\/\/contraluzcucuta.co\/?p=38789"},"modified":"2023-07-18T20:08:19","modified_gmt":"2023-07-19T01:08:19","slug":"faiber-hoyos-hoy-importan-mas-las-apuestas-y-el-marquetin-que-el-trabajo-del-periodista-deportivo","status":"publish","type":"post","link":"https:\/\/contraluzcucuta.co\/?p=38789","title":{"rendered":"FAIBER HOYOS. \u201cHoy, importan m\u00e1s las apuestas y el m\u00e1rquetin, que el trabajo del periodista deportivo\u201d"},"content":{"rendered":"<p style=\"padding-left: 40px; text-align: right;\"><strong><span style=\"color: #ff9900;\">C\u00daCUTA.- Faiber Hoyos, presidente de Acord Colombia, hizo la aseveraci\u00f3n en el acto de entrega del Bot\u00f3n de Oro por parte de la seccional Norte de Santander de la Asociaci\u00f3n de Periodistas Deportivos.<\/span><\/strong><\/p>\n<p>La alusi\u00f3n compromete de manera directa a los clubes de f\u00fatbol profesional que ponen trabas para el ingreso de los comunicadores a los estadios del pa\u00eds para cubrir los partidos. Tambi\u00e9n, mencion\u00f3 a la Federaci\u00f3n y a la Dimayor.<\/p>\n<p>Pidi\u00f3 a las entidades encargadas de ofrecer espect\u00e1culo deportivo a actuar con mayor humildad y no pensar tanto en el aspecto comercial, que \u201chace mella a la libertad de expresi\u00f3n en Colombia\u201d.<\/p>\n<p><a href=\"https:\/\/contraluzcucuta.co\/wp-content\/uploads\/2023\/07\/FAIBER-HOYOS-6.jpg\"><img loading=\"lazy\" decoding=\"async\" class=\"alignnone size-medium wp-image-38791 alignleft\" src=\"https:\/\/contraluzcucuta.co\/wp-content\/uploads\/2023\/07\/FAIBER-HOYOS-6-300x200.jpg\" alt=\"\" width=\"300\" height=\"200\" srcset=\"https:\/\/contraluzcucuta.co\/wp-content\/uploads\/2023\/07\/FAIBER-HOYOS-6-300x200.jpg 300w, https:\/\/contraluzcucuta.co\/wp-content\/uploads\/2023\/07\/FAIBER-HOYOS-6-600x400.jpg 600w, https:\/\/contraluzcucuta.co\/wp-content\/uploads\/2023\/07\/FAIBER-HOYOS-6-1024x683.jpg 1024w, https:\/\/contraluzcucuta.co\/wp-content\/uploads\/2023\/07\/FAIBER-HOYOS-6-768x512.jpg 768w, https:\/\/contraluzcucuta.co\/wp-content\/uploads\/2023\/07\/FAIBER-HOYOS-6-1536x1024.jpg 1536w, https:\/\/contraluzcucuta.co\/wp-content\/uploads\/2023\/07\/FAIBER-HOYOS-6.jpg 1600w\" sizes=\"auto, (max-width: 300px) 100vw, 300px\" \/><\/a><\/p>\n<p>La actividad se cumpli\u00f3 en el auditorio de la C\u00e1mara de Comercio y reuni\u00f3 a representantes de empresas privadas y entidades p\u00fablicas aliadas y comprometidas con el ejercicio period\u00edstico local.<\/p>\n<p>Aprovech\u00f3 la ocasi\u00f3n para proponerle al alcalde de Villa del Rosario, Carlos Julio Socha, la organizaci\u00f3n del acto del Deportista del A\u00f1o, en el que se reconoce a los mejores deportistas nacionales. El mandatario rosariense respondi\u00f3 afirmativamente, por lo que ser\u00eda la primera vez que la ceremonia se llevar\u00eda a cabo en tierra nortesantandereana.<\/p>\n<p>Invit\u00f3 a los colegas a profesionalizarse, a prepararse y a estudiar, porque \u201cel carn\u00e9 (Acord) no es solo para entrar al estadio\u201d. Los periodistas veteranos ingresaron a la Asociaci\u00f3n por la quer\u00edan. \u201cLos invito para que tengan un m\u00e1s de apego por la institucionalidad\u201d.<\/p>\n","protected":false},"excerpt":{"rendered":"<p>C\u00daCUTA.- Faiber Hoyos, presidente de Acord Colombia, hizo la aseveraci\u00f3n en el acto de entrega del Bot\u00f3n de Oro por parte de la seccional Norte de Santander de la Asociaci\u00f3n de Periodistas Deportivos. La alusi\u00f3n compromete de manera directa a los clubes de f\u00fatbol profesional que ponen trabas para el ingreso de los comunicadores a &hellip;<\/p>\n","protected":false},"author":1,"featured_media":38790,"comment_status":"open","ping_status":"open","sticky":false,"template":"","format":"standard","meta":{"footnotes":""},"categories":[45,4],"tags":[910,4346,5656],"class_list":["post-38789","post","type-post","status-publish","format-standard","has-post-thumbnail","hentry","category-destacado","category-barra","tag-acord-colombia","tag-acord-norte","tag-faiber-hoyos"],"_links":{"self":[{"href":"https:\/\/contraluzcucuta.co\/index.php?rest_route=\/wp\/v2\/posts\/38789","targetHints":{"allow":["GET"]}}],"collection":[{"href":"https:\/\/contraluzcucuta.co\/index.php?rest_route=\/wp\/v2\/posts"}],"about":[{"href":"https:\/\/contraluzcucuta.co\/index.php?rest_route=\/wp\/v2\/types\/post"}],"author":[{"embeddable":true,"href":"https:\/\/contraluzcucuta.co\/index.php?rest_route=\/wp\/v2\/users\/1"}],"replies":[{"embeddable":true,"href":"https:\/\/contraluzcucuta.co\/index.php?rest_route=%2Fwp%2Fv2%2Fcomments&post=38789"}],"version-history":[{"count":1,"href":"https:\/\/contraluzcucuta.co\/index.php?rest_route=\/wp\/v2\/posts\/38789\/revisions"}],"predecessor-version":[{"id":38792,"href":"https:\/\/contraluzcucuta.co\/index.php?rest_route=\/wp\/v2\/posts\/38789\/revisions\/38792"}],"wp:featuredmedia":[{"embeddable":true,"href":"https:\/\/contraluzcucuta.co\/index.php?rest_route=\/wp\/v2\/media\/38790"}],"wp:attachment":[{"href":"https:\/\/contraluzcucuta.co\/index.php?rest_route=%2Fwp%2Fv2%2Fmedia&parent=38789"}],"wp:term":[{"taxonomy":"category","embeddable":true,"href":"https:\/\/contraluzcucuta.co\/index.php?rest_route=%2Fwp%2Fv2%2Fcategories&post=38789"},{"taxonomy":"post_tag","embeddable":true,"href":"https:\/\/contraluzcucuta.co\/index.php?rest_route=%2Fwp%2Fv2%2Ftags&post=38789"}],"curies":[{"name":"wp","href":"https:\/\/api.w.org\/{rel}","templated":true}]}}