{"id":38783,"date":"2023-07-14T20:39:41","date_gmt":"2023-07-15T01:39:41","guid":{"rendered":"http:\/\/contraluzcucuta.co\/?p=38783"},"modified":"2023-12-06T11:11:43","modified_gmt":"2023-12-06T16:11:43","slug":"mural-120-ano9s-del-colegio-sagrado-corazon-de-jesus","status":"publish","type":"post","link":"https:\/\/contraluzcucuta.co\/?p=38783","title":{"rendered":"MURAL. 120 a\u00f1os del Colegio Sagrado Coraz\u00f3n de Jes\u00fas"},"content":{"rendered":"<p style=\"padding-left: 40px; text-align: right;\"><strong><span style=\"color: #ff9900;\">C\u00daCUTA.- El mural en cer\u00e1mica de 3 metros de alto por 12 de ancho, del artista C\u00e9sar Herrera, busca con la utilizaci\u00f3n de c\u00f3digos QR que los transe\u00fantes profundicen en\u00a0 la historia de 120 a\u00f1os\u00a0 del colegio Sagrado Coraz\u00f3n de Jes\u00fas.<\/span><\/strong><\/p>\n<p style=\"padding-left: 40px;\">El trabajo est\u00e1 dividido en ocho partes.<\/p>\n<p>En la primera, cuenta porqu\u00e9 del nombre del colegio y los fundadores.<\/p>\n<p>En la segunda, resalta a Teresa Brice\u00f1o de Andressen, benefactora del Colegio y de la ciudad. Cedi\u00f3 la Quinta Teresa para que fuera usada en la educaci\u00f3n de los j\u00f3venes. Tambi\u00e9n, se resaltan los rectores lasallistas que durante 100 a\u00f1os han dirigido al Corsaje (1906-1912) y (1929-2023).<\/p>\n<p>En la tercera, se expone c\u00f3mo el colegio es la cuna del baloncesto. All\u00ed se llev\u00f3 a cabo el primer campeonato nacional.<\/p>\n<p>En la cuarta, se muestra\u00a0 a Virgilio Barco, presidente de la rep\u00fablica, y se menciona a 10 alcaldes, 6 gobernadores de Norte de Santander, 8 senadores, 14 congresistas y l\u00edderes y dirigentes\u00a0 egresados desde 1934.<\/p>\n<p>En la quinta, destaca Augusto Tobito Acevedo, migrante nacido en Rubio (Venezuela), quien dirigi\u00f3 en Par\u00eds el taller del arquitecto franc\u00e9s Le Courbusier y se considera el egresado migrante que m\u00e1s lejos ha llegado.<\/p>\n<p><a href=\"https:\/\/contraluzcucuta.co\/wp-content\/uploads\/2023\/07\/MURAL-CORSAJE-3.jpg\"><img loading=\"lazy\" decoding=\"async\" class=\"alignnone size-medium wp-image-38785 alignleft\" src=\"https:\/\/contraluzcucuta.co\/wp-content\/uploads\/2023\/07\/MURAL-CORSAJE-3-225x300.jpg\" alt=\"\" width=\"225\" height=\"300\" srcset=\"https:\/\/contraluzcucuta.co\/wp-content\/uploads\/2023\/07\/MURAL-CORSAJE-3-225x300.jpg 225w, https:\/\/contraluzcucuta.co\/wp-content\/uploads\/2023\/07\/MURAL-CORSAJE-3-600x800.jpg 600w, https:\/\/contraluzcucuta.co\/wp-content\/uploads\/2023\/07\/MURAL-CORSAJE-3-768x1024.jpg 768w, https:\/\/contraluzcucuta.co\/wp-content\/uploads\/2023\/07\/MURAL-CORSAJE-3-1152x1536.jpg 1152w, https:\/\/contraluzcucuta.co\/wp-content\/uploads\/2023\/07\/MURAL-CORSAJE-3.jpg 1200w\" sizes=\"auto, (max-width: 225px) 100vw, 225px\" \/><\/a><\/p>\n<p>En la sexta, se muestran los tres primeros integrantes de la banda de guerra del colegio, hoy banda Marcial, la historia y la evoluci\u00f3n.<\/p>\n<p>En la s\u00e9ptima, aparecen trofeos y premios recibidos por la instituci\u00f3n fruto de los logros deportivos y m\u00e9ritos acad\u00e9micos.<\/p>\n<p>En la octava, aparecen el r\u00edo Pamplonita, el cerro Tasajero y el Faro del Catatumbo, insignias naturales de esta tierra<\/p>\n<p>El Mural es un trabajo de equipo:<\/p>\n<p>Gui\u00f3n y Producci\u00f3n: Edgar Granados Maldonado<\/p>\n<p>Artista : C\u00e9sar Herrera Rugeles<\/p>\n<p>Elaboraci\u00f3n de los QR y p\u00e1ginas Web: profesor\u00a0 de multimedia Carlos Ardila y los alumnos de software y programaci\u00f3n.<\/p>\n<p>Videos: Pedro Alirio S\u00e1nchez Ramos<\/p>\n<p>Trabajadores\u00a0 de obra. Miguel Antonio Mojica, Arley Mojica y Manuel Romero.<\/p>\n","protected":false},"excerpt":{"rendered":"<p>C\u00daCUTA.- El mural en cer\u00e1mica de 3 metros de alto por 12 de ancho, del artista C\u00e9sar Herrera, busca con la utilizaci\u00f3n de c\u00f3digos QR que los transe\u00fantes profundicen en\u00a0 la historia de 120 a\u00f1os\u00a0 del colegio Sagrado Coraz\u00f3n de Jes\u00fas. El trabajo est\u00e1 dividido en ocho partes. En la primera, cuenta porqu\u00e9 del nombre &hellip;<\/p>\n","protected":false},"author":1,"featured_media":38784,"comment_status":"open","ping_status":"open","sticky":false,"template":"","format":"standard","meta":{"footnotes":""},"categories":[4,37],"tags":[5655,5654],"class_list":["post-38783","post","type-post","status-publish","format-standard","has-post-thumbnail","hentry","category-barra","category-paseo-cultural","tag-cesar-herrera","tag-mural-corsaje"],"_links":{"self":[{"href":"https:\/\/contraluzcucuta.co\/index.php?rest_route=\/wp\/v2\/posts\/38783","targetHints":{"allow":["GET"]}}],"collection":[{"href":"https:\/\/contraluzcucuta.co\/index.php?rest_route=\/wp\/v2\/posts"}],"about":[{"href":"https:\/\/contraluzcucuta.co\/index.php?rest_route=\/wp\/v2\/types\/post"}],"author":[{"embeddable":true,"href":"https:\/\/contraluzcucuta.co\/index.php?rest_route=\/wp\/v2\/users\/1"}],"replies":[{"embeddable":true,"href":"https:\/\/contraluzcucuta.co\/index.php?rest_route=%2Fwp%2Fv2%2Fcomments&post=38783"}],"version-history":[{"count":2,"href":"https:\/\/contraluzcucuta.co\/index.php?rest_route=\/wp\/v2\/posts\/38783\/revisions"}],"predecessor-version":[{"id":39876,"href":"https:\/\/contraluzcucuta.co\/index.php?rest_route=\/wp\/v2\/posts\/38783\/revisions\/39876"}],"wp:featuredmedia":[{"embeddable":true,"href":"https:\/\/contraluzcucuta.co\/index.php?rest_route=\/wp\/v2\/media\/38784"}],"wp:attachment":[{"href":"https:\/\/contraluzcucuta.co\/index.php?rest_route=%2Fwp%2Fv2%2Fmedia&parent=38783"}],"wp:term":[{"taxonomy":"category","embeddable":true,"href":"https:\/\/contraluzcucuta.co\/index.php?rest_route=%2Fwp%2Fv2%2Fcategories&post=38783"},{"taxonomy":"post_tag","embeddable":true,"href":"https:\/\/contraluzcucuta.co\/index.php?rest_route=%2Fwp%2Fv2%2Ftags&post=38783"}],"curies":[{"name":"wp","href":"https:\/\/api.w.org\/{rel}","templated":true}]}}