{"id":38772,"date":"2023-07-12T19:43:14","date_gmt":"2023-07-13T00:43:14","guid":{"rendered":"http:\/\/contraluzcucuta.co\/?p=38772"},"modified":"2023-07-12T19:43:14","modified_gmt":"2023-07-13T00:43:14","slug":"mindefensa-en-cucuta-anuncian-plan-integral-de-recuperacion-territorial","status":"publish","type":"post","link":"https:\/\/contraluzcucuta.co\/?p=38772","title":{"rendered":"MINDEFENSA EN C\u00daCUTA. Anuncian plan integral de recuperaci\u00f3n territorial."},"content":{"rendered":"<p style=\"padding-left: 40px; text-align: right;\"><strong><span style=\"color: #ff9900;\">C\u00daCUTA.- Hacer seguimiento de primera mano a la situaci\u00f3n de seguridad y proponer acciones que se lleven a la pr\u00e1ctica en Norte de Santander, fueron los motivos de la presencia del ministro de defensa Iv\u00e1n Vel\u00e1squez a C\u00facuta. En la tercera visita a la ciudad estuvo acompa\u00f1ado por la c\u00fapula militar y de polic\u00eda. Se reuni\u00f3 con representantes de gremios afectados por acciones delictivas y alcaldes para construir juntos un plan integral de recuperaci\u00f3n territorial.<\/span><\/strong><\/p>\n<p>\u201cEstamos en desarrollo de un plan que vamos a ejecutar, que viene siendo articulado desde el Gobierno, en cuanto a la presencia integral del Gobierno\u201d, dijo el ministro Vel\u00e1squez.<\/p>\n<p>En el primer encuentro, escuch\u00f3 y atendi\u00f3 a representantes de los gremios, que manifestaron preocupaci\u00f3n por la inseguridad en las carreteras y los hurtos de productos transportados en camiones. El Ministro plante\u00f3 la importancia de suministrar herramientas tecnol\u00f3gicas que permitan mejorar la vigilancia por parte de la Polic\u00eda y anunci\u00f3 que Polic\u00eda y Fuerzas Militares se articular\u00e1n para ejercer mayor control en las v\u00edas.<\/p>\n<p><a href=\"https:\/\/contraluzcucuta.co\/wp-content\/uploads\/2023\/07\/MINDEFENSA-4.jpg\"><img loading=\"lazy\" decoding=\"async\" class=\"alignnone size-medium wp-image-38774 alignleft\" src=\"https:\/\/contraluzcucuta.co\/wp-content\/uploads\/2023\/07\/MINDEFENSA-4-300x200.jpg\" alt=\"\" width=\"300\" height=\"200\" srcset=\"https:\/\/contraluzcucuta.co\/wp-content\/uploads\/2023\/07\/MINDEFENSA-4-300x200.jpg 300w, https:\/\/contraluzcucuta.co\/wp-content\/uploads\/2023\/07\/MINDEFENSA-4-600x400.jpg 600w, https:\/\/contraluzcucuta.co\/wp-content\/uploads\/2023\/07\/MINDEFENSA-4-1024x683.jpg 1024w, https:\/\/contraluzcucuta.co\/wp-content\/uploads\/2023\/07\/MINDEFENSA-4-768x512.jpg 768w, https:\/\/contraluzcucuta.co\/wp-content\/uploads\/2023\/07\/MINDEFENSA-4.jpg 1080w\" sizes=\"auto, (max-width: 300px) 100vw, 300px\" \/><\/a><\/p>\n<p>En Norte de Santander se instala mesa permanente de seguridad, en la que las autoridades y personal del Ministerio efectuar\u00e1n seguimiento a las acciones.<\/p>\n<p>En relaci\u00f3n con la extorsi\u00f3n, se dio a conocer el incremento de capacidades de inteligencia, de investigaci\u00f3n por parte de la Polic\u00eda y de grupos especiales antisecuestro y extorsi\u00f3n. Tambi\u00e9n, entre Gaula Militar y Gaula de la Polic\u00eda en el departamento.<\/p>\n<p>En reuni\u00f3n con autoridades regionales revis\u00f3 la situaci\u00f3n de cada territorio, especialmente de Tib\u00fa y la Playa de Bel\u00e9n. Advirti\u00f3 que, frente al caso del alcalde de la Playa de Bel\u00e9n, los comandantes de las Fuerzas Militares y de Polic\u00eda asumieron directamente el caso.<\/p>\n<p>Acerca del cultivo il\u00edcito de coca, particularmente en El Catatumbo, Vel\u00e1squez se refiri\u00f3 a la necesidad de la sustituci\u00f3n productiva. \u201cEl presidente (Gustavo Petro), en sus repetidas visitas a Norte de Santander, en las varias que ha hecho a El Catatumbo y en sus intervenciones en el Tarra, ha definido el Catatumbo como una zona prioritaria\u201d.<\/p>\n<p>y nosotros vamos a asumir ese compromiso de articulaci\u00f3n tambi\u00e9n desde el Ministerio de Defensa con la presencia de los ministerios concernidos en este proceso de recuperaci\u00f3n productiva, tambi\u00e9n del territorio\u201d.<\/p>\n","protected":false},"excerpt":{"rendered":"<p>C\u00daCUTA.- Hacer seguimiento de primera mano a la situaci\u00f3n de seguridad y proponer acciones que se lleven a la pr\u00e1ctica en Norte de Santander, fueron los motivos de la presencia del ministro de defensa Iv\u00e1n Vel\u00e1squez a C\u00facuta. En la tercera visita a la ciudad estuvo acompa\u00f1ado por la c\u00fapula militar y de polic\u00eda. Se &hellip;<\/p>\n","protected":false},"author":1,"featured_media":38773,"comment_status":"open","ping_status":"open","sticky":false,"template":"","format":"standard","meta":{"footnotes":""},"categories":[45,4],"tags":[5652,337],"class_list":["post-38772","post","type-post","status-publish","format-standard","has-post-thumbnail","hentry","category-destacado","category-barra","tag-ivan-velasquez","tag-mindefensa"],"_links":{"self":[{"href":"https:\/\/contraluzcucuta.co\/index.php?rest_route=\/wp\/v2\/posts\/38772","targetHints":{"allow":["GET"]}}],"collection":[{"href":"https:\/\/contraluzcucuta.co\/index.php?rest_route=\/wp\/v2\/posts"}],"about":[{"href":"https:\/\/contraluzcucuta.co\/index.php?rest_route=\/wp\/v2\/types\/post"}],"author":[{"embeddable":true,"href":"https:\/\/contraluzcucuta.co\/index.php?rest_route=\/wp\/v2\/users\/1"}],"replies":[{"embeddable":true,"href":"https:\/\/contraluzcucuta.co\/index.php?rest_route=%2Fwp%2Fv2%2Fcomments&post=38772"}],"version-history":[{"count":1,"href":"https:\/\/contraluzcucuta.co\/index.php?rest_route=\/wp\/v2\/posts\/38772\/revisions"}],"predecessor-version":[{"id":38775,"href":"https:\/\/contraluzcucuta.co\/index.php?rest_route=\/wp\/v2\/posts\/38772\/revisions\/38775"}],"wp:featuredmedia":[{"embeddable":true,"href":"https:\/\/contraluzcucuta.co\/index.php?rest_route=\/wp\/v2\/media\/38773"}],"wp:attachment":[{"href":"https:\/\/contraluzcucuta.co\/index.php?rest_route=%2Fwp%2Fv2%2Fmedia&parent=38772"}],"wp:term":[{"taxonomy":"category","embeddable":true,"href":"https:\/\/contraluzcucuta.co\/index.php?rest_route=%2Fwp%2Fv2%2Fcategories&post=38772"},{"taxonomy":"post_tag","embeddable":true,"href":"https:\/\/contraluzcucuta.co\/index.php?rest_route=%2Fwp%2Fv2%2Ftags&post=38772"}],"curies":[{"name":"wp","href":"https:\/\/api.w.org\/{rel}","templated":true}]}}