{"id":38767,"date":"2023-07-09T19:05:13","date_gmt":"2023-07-10T00:05:13","guid":{"rendered":"http:\/\/contraluzcucuta.co\/?p=38767"},"modified":"2023-07-09T19:05:39","modified_gmt":"2023-07-10T00:05:39","slug":"futbol-de-segunda-cucuta-deportivo-comienza-como-visitante","status":"publish","type":"post","link":"https:\/\/contraluzcucuta.co\/?p=38767","title":{"rendered":"F\u00daTBOL DE SEGUNDA. C\u00facuta Deportivo comienza como visitante"},"content":{"rendered":"<p style=\"padding-left: 40px; text-align: right;\"><strong><span style=\"color: #ff9900;\">C\u00facuta Deportivo comenzar\u00e1, el 20 de julio, la ruta hacia la primera divisi\u00f3n del f\u00fatbol profesional colombiano. En el D\u00eda de la Independencia jugar\u00e1 contra Orsomarso, a las 4:00 de la tarde, en el estadio Francisco Rivera.<\/span><\/strong><\/p>\n<p style=\"padding-left: 40px;\">El cuadro rojinegro, en el primer semestre, puso a so\u00f1ar a los aficionados con la vuelta al grupo de los equipos grandes. Al final del torneo vio esfumarse esa ilusi\u00f3n justo delante de la hinchada. Fue una tarde claroscura, en la que la alegr\u00eda por el triunfo en el General Santander se opac\u00f3 con el resultado positivo de Patriotas.<\/p>\n<p>Los sentimientos se cruzaron en las tribunas y mientras unos cantaban victoria y festejaban los goles motilones, los dem\u00e1s ten\u00edan la mente y el esp\u00edritu en el marcador que defin\u00eda la continuidad del elenco fronterizo en la segunda categor\u00eda.<\/p>\n<p>El argentino Lucas Emanuel R\u00edos, a lo largo del campeonato, acumul\u00f3 13 tarjetas amarillas y lider\u00f3 ese departamento en las estad\u00edsticas general. Lo siguieron, Cristian Mateo D\u00edaz (9) y Jonathan Agudelo (7).<\/p>\n<p><a href=\"https:\/\/contraluzcucuta.co\/wp-content\/uploads\/2023\/07\/CUCUTA-DEPORTIVO-2.jpg\"><img loading=\"lazy\" decoding=\"async\" class=\"alignnone size-medium wp-image-38769 alignleft\" src=\"https:\/\/contraluzcucuta.co\/wp-content\/uploads\/2023\/07\/CUCUTA-DEPORTIVO-2-300x200.jpg\" alt=\"\" width=\"300\" height=\"200\" srcset=\"https:\/\/contraluzcucuta.co\/wp-content\/uploads\/2023\/07\/CUCUTA-DEPORTIVO-2-300x200.jpg 300w, https:\/\/contraluzcucuta.co\/wp-content\/uploads\/2023\/07\/CUCUTA-DEPORTIVO-2-600x400.jpg 600w, https:\/\/contraluzcucuta.co\/wp-content\/uploads\/2023\/07\/CUCUTA-DEPORTIVO-2-1024x683.jpg 1024w, https:\/\/contraluzcucuta.co\/wp-content\/uploads\/2023\/07\/CUCUTA-DEPORTIVO-2-768x513.jpg 768w, https:\/\/contraluzcucuta.co\/wp-content\/uploads\/2023\/07\/CUCUTA-DEPORTIVO-2.jpg 1440w\" sizes=\"auto, (max-width: 300px) 100vw, 300px\" \/><\/a><\/p>\n<p>El primer partido del C\u00facuta Deportivo como local, en esta segunda mitad del a\u00f1o, ser\u00e1 contra Valledupar, en el General Santander, el 31 de julio, a las 4:00 de la tarde. El siguiente es el resto del calendario que disputar\u00e1 el once rojinegro:<\/p>\n<p>5 de agosto. Tigres \u2013 C\u00facuta<\/p>\n<p>12 de agosto. C\u00facuta \u2013 Barranquilla<\/p>\n<p>19 de agosto. Atl\u00e9tico \u2013 C\u00facuta<\/p>\n<p>22 de agosto. C\u00facuta \u2013 Fortaleza<\/p>\n<p>26 de agosto. C\u00facuta \u2013 Cortulu\u00e1<\/p>\n<p>2 de septiembre. Quind\u00edo \u2013 C\u00facuta<\/p>\n<p>5 de septiembre. C\u00facuta \u2013 Real Santander<\/p>\n<p>9 de septiembre. Bogot\u00e1 \u2013 C\u00facuta<\/p>\n<p>12 de septiembre. C\u00facuta \u2013 Real Cartagena<\/p>\n<p>16 de septiembre. Boca Juniors \u2013 C\u00facuta<\/p>\n<p>23 de septiembre. C\u00facuta \u2013 Patriotas<\/p>\n<p>30 de septiembre. Real Santander \u2013 C\u00facuta<\/p>\n<p>7 de octubre. C\u00facuta \u2013 Leones<\/p>\n<p>10 de octubre. Llaneros \u2013 C\u00facuta<\/p>\n<p>Stalin Motta Vaquiro, por la experiencia y el recorrido en el f\u00fatbol nacional, ser\u00eda el llamado a comandar el equipo en esta nueva temporada. El futbolista, de ascendencia italiana, es mediocampista, tiene 39 a\u00f1os y mide 1,70 metros.<\/p>\n","protected":false},"excerpt":{"rendered":"<p>C\u00facuta Deportivo comenzar\u00e1, el 20 de julio, la ruta hacia la primera divisi\u00f3n del f\u00fatbol profesional colombiano. En el D\u00eda de la Independencia jugar\u00e1 contra Orsomarso, a las 4:00 de la tarde, en el estadio Francisco Rivera. El cuadro rojinegro, en el primer semestre, puso a so\u00f1ar a los aficionados con la vuelta al grupo &hellip;<\/p>\n","protected":false},"author":1,"featured_media":38768,"comment_status":"open","ping_status":"open","sticky":false,"template":"","format":"standard","meta":{"footnotes":""},"categories":[4,28],"tags":[5541,1988,5599,4362],"class_list":["post-38767","post","type-post","status-publish","format-standard","has-post-thumbnail","hentry","category-barra","category-vistazo-deportivo","tag-cucuta-deportivo-2023","tag-futbol-de-segunda","tag-torneo-betplay","tag-vistazo-deportivo"],"_links":{"self":[{"href":"https:\/\/contraluzcucuta.co\/index.php?rest_route=\/wp\/v2\/posts\/38767","targetHints":{"allow":["GET"]}}],"collection":[{"href":"https:\/\/contraluzcucuta.co\/index.php?rest_route=\/wp\/v2\/posts"}],"about":[{"href":"https:\/\/contraluzcucuta.co\/index.php?rest_route=\/wp\/v2\/types\/post"}],"author":[{"embeddable":true,"href":"https:\/\/contraluzcucuta.co\/index.php?rest_route=\/wp\/v2\/users\/1"}],"replies":[{"embeddable":true,"href":"https:\/\/contraluzcucuta.co\/index.php?rest_route=%2Fwp%2Fv2%2Fcomments&post=38767"}],"version-history":[{"count":2,"href":"https:\/\/contraluzcucuta.co\/index.php?rest_route=\/wp\/v2\/posts\/38767\/revisions"}],"predecessor-version":[{"id":38771,"href":"https:\/\/contraluzcucuta.co\/index.php?rest_route=\/wp\/v2\/posts\/38767\/revisions\/38771"}],"wp:featuredmedia":[{"embeddable":true,"href":"https:\/\/contraluzcucuta.co\/index.php?rest_route=\/wp\/v2\/media\/38768"}],"wp:attachment":[{"href":"https:\/\/contraluzcucuta.co\/index.php?rest_route=%2Fwp%2Fv2%2Fmedia&parent=38767"}],"wp:term":[{"taxonomy":"category","embeddable":true,"href":"https:\/\/contraluzcucuta.co\/index.php?rest_route=%2Fwp%2Fv2%2Fcategories&post=38767"},{"taxonomy":"post_tag","embeddable":true,"href":"https:\/\/contraluzcucuta.co\/index.php?rest_route=%2Fwp%2Fv2%2Ftags&post=38767"}],"curies":[{"name":"wp","href":"https:\/\/api.w.org\/{rel}","templated":true}]}}