{"id":38725,"date":"2023-06-26T20:51:28","date_gmt":"2023-06-27T01:51:28","guid":{"rendered":"http:\/\/contraluzcucuta.co\/?p=38725"},"modified":"2023-06-26T20:51:28","modified_gmt":"2023-06-27T01:51:28","slug":"raices-de-esperanza-nueva-estrategia-para-apoyar-a-emprendedores-victimas-de-la-violencia","status":"publish","type":"post","link":"https:\/\/contraluzcucuta.co\/?p=38725","title":{"rendered":"RA\u00cdCES DE ESPERANZA. Nueva estrategia para apoyar a emprendedores v\u00edctimas de la violencia"},"content":{"rendered":"<p style=\"padding-left: 40px; text-align: right;\"><strong><span style=\"color: #ff9900;\">C\u00daCUTA.- Las v\u00edctimas del conflicto armado no est\u00e1n solas. En C\u00facuta nace la estrategia \u2018Ra\u00edces de Esperanza\u2019 para apoyar a emprendedores v\u00edctimas y en proceso de reintegraci\u00f3n y reincorporaci\u00f3n. Los beneficiados deben tener unidades productivas individuales o colectivas y pertenecer a comunidades con enfoque \u00e9tnico (ind\u00edgenas, negras, afrocolombianas, raizares, palenqueras y pueblo ROM), y con enfoque diverso (LGBTI+, en condici\u00f3n de discapacidad y j\u00f3venes de 18 a 28 a\u00f1os).<\/span><\/strong><\/p>\n<p>El objetivo es la reactivaci\u00f3n econ\u00f3mica y la generaci\u00f3n de empleo, por medio de convocatorias nacionales y regionales o ferias y exposiciones, a las que puedan llevar los productos. Adem\u00e1s de la ganancia monetaria, har\u00e1n conexiones con clientes y visibilizar\u00e1n sus marcas.<\/p>\n<p>\u201cEn C\u00facuta, hemos apostado por el fortalecimiento de los emprendimientos de la poblaci\u00f3n v\u00edctima del conflicto armado, como una gran herramienta para la reconstrucci\u00f3n del tejido social\u201d, dijo el alcalde Jairo Y\u00e1\u00f1ez. Las estrategias \u2018Aceleradora de Sue\u00f1os\u2019 y \u2018Fen\u00f3meno Emprendedor\u2019, durante el 2022, impactaron de manera positiva a 200 emprendedores v\u00edctimas en el municipio.<\/p>\n<p><a href=\"https:\/\/contraluzcucuta.co\/wp-content\/uploads\/2023\/06\/REICES-DE-ESPERANZA-2.jpg\"><img loading=\"lazy\" decoding=\"async\" class=\"alignnone size-medium wp-image-38727 alignleft\" src=\"https:\/\/contraluzcucuta.co\/wp-content\/uploads\/2023\/06\/REICES-DE-ESPERANZA-2-300x225.jpg\" alt=\"\" width=\"300\" height=\"225\" srcset=\"https:\/\/contraluzcucuta.co\/wp-content\/uploads\/2023\/06\/REICES-DE-ESPERANZA-2-300x225.jpg 300w, https:\/\/contraluzcucuta.co\/wp-content\/uploads\/2023\/06\/REICES-DE-ESPERANZA-2-600x450.jpg 600w, https:\/\/contraluzcucuta.co\/wp-content\/uploads\/2023\/06\/REICES-DE-ESPERANZA-2.jpg 768w\" sizes=\"auto, (max-width: 300px) 100vw, 300px\" \/><\/a><\/p>\n<p>La Secretar\u00eda de Posconflicto y Cultura de Paz abri\u00f3 la convocatoria \u2018Ra\u00edces de Esperanza\u2019, que cuenta con un m\u00e1ximo de $ 240 millones, $ 210 millones para emprendimientos individuales y $ 30 millones para emprendimientos colectivos.<\/p>\n<p>Yefri Yoel Torrado, secretario de Posconflicto y Cultura de Paz, indic\u00f3 que la convocatoria estar\u00e1 abierta hasta el 7 de julio. \u201cEstas estrategias buscan impactar directamente en las necesidades de la poblaci\u00f3n v\u00edctima y fortalecer el tejido socioecon\u00f3mico del municipio\u201d.<\/p>\n<p>Para participar en \u2018Ra\u00edces de Esperanza\u2019, los interesados deben cumplir con los siguientes requisitos:<\/p>\n<ul>\n<li>Estar acreditado como v\u00edctima del conflicto armado en el Registro \u00danico de V\u00edctimas (RUV)<\/li>\n<li>Encontrarse en procesos de reintegraci\u00f3n y reincorporaci\u00f3n<\/li>\n<li>Residir en C\u00facuta<\/li>\n<li>Contar con un emprendimiento en funcionamiento<\/li>\n<li>Presentar el certificado de acreditaci\u00f3n de la condici\u00f3n de discapacidad (si es el caso)<\/li>\n<li>En caso de ser una unidad colectiva, que el 50 % de los integrantes est\u00e9 registrado en el RUV.<\/li>\n<\/ul>\n","protected":false},"excerpt":{"rendered":"<p>C\u00daCUTA.- Las v\u00edctimas del conflicto armado no est\u00e1n solas. En C\u00facuta nace la estrategia \u2018Ra\u00edces de Esperanza\u2019 para apoyar a emprendedores v\u00edctimas y en proceso de reintegraci\u00f3n y reincorporaci\u00f3n. Los beneficiados deben tener unidades productivas individuales o colectivas y pertenecer a comunidades con enfoque \u00e9tnico (ind\u00edgenas, negras, afrocolombianas, raizares, palenqueras y pueblo ROM), y con &hellip;<\/p>\n","protected":false},"author":1,"featured_media":38726,"comment_status":"open","ping_status":"open","sticky":false,"template":"","format":"standard","meta":{"footnotes":""},"categories":[2625,4],"tags":[226,5644,1944,295],"class_list":["post-38725","post","type-post","status-publish","format-standard","has-post-thumbnail","hentry","category-alcaldia-de-cucuta","category-barra","tag-alcaldia-de-cucuta","tag-raices-de-esperanza","tag-reinsertados-en-norte-de-santander","tag-victimas-del-conflicto"],"_links":{"self":[{"href":"https:\/\/contraluzcucuta.co\/index.php?rest_route=\/wp\/v2\/posts\/38725","targetHints":{"allow":["GET"]}}],"collection":[{"href":"https:\/\/contraluzcucuta.co\/index.php?rest_route=\/wp\/v2\/posts"}],"about":[{"href":"https:\/\/contraluzcucuta.co\/index.php?rest_route=\/wp\/v2\/types\/post"}],"author":[{"embeddable":true,"href":"https:\/\/contraluzcucuta.co\/index.php?rest_route=\/wp\/v2\/users\/1"}],"replies":[{"embeddable":true,"href":"https:\/\/contraluzcucuta.co\/index.php?rest_route=%2Fwp%2Fv2%2Fcomments&post=38725"}],"version-history":[{"count":1,"href":"https:\/\/contraluzcucuta.co\/index.php?rest_route=\/wp\/v2\/posts\/38725\/revisions"}],"predecessor-version":[{"id":38728,"href":"https:\/\/contraluzcucuta.co\/index.php?rest_route=\/wp\/v2\/posts\/38725\/revisions\/38728"}],"wp:featuredmedia":[{"embeddable":true,"href":"https:\/\/contraluzcucuta.co\/index.php?rest_route=\/wp\/v2\/media\/38726"}],"wp:attachment":[{"href":"https:\/\/contraluzcucuta.co\/index.php?rest_route=%2Fwp%2Fv2%2Fmedia&parent=38725"}],"wp:term":[{"taxonomy":"category","embeddable":true,"href":"https:\/\/contraluzcucuta.co\/index.php?rest_route=%2Fwp%2Fv2%2Fcategories&post=38725"},{"taxonomy":"post_tag","embeddable":true,"href":"https:\/\/contraluzcucuta.co\/index.php?rest_route=%2Fwp%2Fv2%2Ftags&post=38725"}],"curies":[{"name":"wp","href":"https:\/\/api.w.org\/{rel}","templated":true}]}}