{"id":38713,"date":"2023-06-25T12:05:50","date_gmt":"2023-06-25T17:05:50","guid":{"rendered":"http:\/\/contraluzcucuta.co\/?p=38713"},"modified":"2023-06-25T12:05:50","modified_gmt":"2023-06-25T17:05:50","slug":"save-the-children-alianza-colombia-unida-por-la-proteccion-de-la-ninez-llega-a-norte-de-santander","status":"publish","type":"post","link":"https:\/\/contraluzcucuta.co\/?p=38713","title":{"rendered":"SAVE THE CHILDREN. Alianza \u201cColombia unida por la protecci\u00f3n de la ni\u00f1ez\u201d llega a Norte de Santander"},"content":{"rendered":"<p style=\"padding-left: 40px; text-align: right;\"><strong><span style=\"color: #ff9900;\">BOGOT\u00c1. Norte de Santander est\u00e1 incluido en la alianza \u201cColombia unida por la protecci\u00f3n de la ni\u00f1ez\u201d, en la que participan la Agencia de la ONU para los Refugiados (Acnur), Bethany, F\u00fatbol con Coraz\u00f3n, Aldeas Infantiles, Makikuna y Save the Children Colombia.<\/span><\/strong><\/p>\n<p>Cuarentaid\u00f3s municipios de La Guajira, Atl\u00e1ntico, C\u00e9sar, Norte de Santander, Arauca, C\u00f3rdoba, Antioquia, Choc\u00f3, Valle del Cauca, Cauca, Nari\u00f1o, Putumayo y Bogot\u00e1 implementar\u00e1n acciones para promover entornos protectores para ni\u00f1os y adolescentes.<\/p>\n<p>La alianza se present\u00f3 en la conversaci\u00f3n sobre equidad de g\u00e9nero y diversidad sexual, identidad \u00e9tnica e inclusi\u00f3n de personas con discapacidad, llevada a cabo en la Biblioteca Virgilio Barco.<\/p>\n<p>Colombia es el s\u00e9ptimo pa\u00eds m\u00e1s inequitativo del mundo en su ingreso, lo que se agrava si esto se suma a las brechas sociales y culturales que impiden alcanzar la garant\u00eda de derechos de la ni\u00f1ez con pertenencia \u00e9tnica, con orientaciones y expresi\u00f3n de g\u00e9nero diversas y capacidades especiales.<\/p>\n<p>Organizaciones de la sociedad civil, entidades de gobierno, empresas y medios de comunicaci\u00f3n participaron en la conversaci\u00f3n para buscar identificar retos y soluciones para la equidad de la ni\u00f1ez que permita impulsar la garant\u00eda de sus derechos.<\/p>\n<p>\u201cPor medio de espacios de di\u00e1logo en los que la voz de la ni\u00f1ez es escuchada, podemos impulsar acciones y estrategias m\u00e1s eficientes y oportunas para las necesidades y retos que ellos tienen en diversos frentes\u201d, se\u00f1al\u00f3 Mar\u00eda Paula Mart\u00ednez, directora Fundaci\u00f3n.<\/p>\n<p>Datos sobre inequidad:<\/p>\n<ul>\n<li>501.000 personas se reconocen como poblaci\u00f3n LGBTIQ+, lo que representa el 1,4 % de la poblaci\u00f3n en Colombia (DANE, 2022).<\/li>\n<li>1,9 millones de personas se identifican como parte de una de las 115 comunidades ind\u00edgenas, es decir el 4,4 % de la poblaci\u00f3n nacional (DANE, 2018).<\/li>\n<li>8,7 millones de personas que se auto-reconocen como afrodescendientes (PERLA, 2010).<\/li>\n<li>8,0 millones de ni\u00f1os y adolescentes menores de 14 a\u00f1os tienen alguna discapacidad en Am\u00e9rica Latina y el Caribe, de los cuales se estima que 7 de cada 10 no asisten a la escuela.<\/li>\n<li>Seg\u00fan el Censo de establecimientos educativos de educaci\u00f3n formal para el periodo 2020, de los 2,64 millones de personas que tienen alguna discapacidad, 228.599 son ni\u00f1os y adolescentes, de los cuales solo 151.603 estaban matriculados.<\/li>\n<\/ul>\n","protected":false},"excerpt":{"rendered":"<p>BOGOT\u00c1. Norte de Santander est\u00e1 incluido en la alianza \u201cColombia unida por la protecci\u00f3n de la ni\u00f1ez\u201d, en la que participan la Agencia de la ONU para los Refugiados (Acnur), Bethany, F\u00fatbol con Coraz\u00f3n, Aldeas Infantiles, Makikuna y Save the Children Colombia. Cuarentaid\u00f3s municipios de La Guajira, Atl\u00e1ntico, C\u00e9sar, Norte de Santander, Arauca, C\u00f3rdoba, Antioquia, &hellip;<\/p>\n","protected":false},"author":1,"featured_media":38714,"comment_status":"open","ping_status":"open","sticky":false,"template":"","format":"standard","meta":{"footnotes":""},"categories":[4,5387],"tags":[4173,5641,5639,5640,5642,5514],"class_list":["post-38713","post","type-post","status-publish","format-standard","has-post-thumbnail","hentry","category-barra","category-pregunta-capciosa","tag-acnur","tag-aldeas-infantiles","tag-bethany","tag-futbol-con-corazon","tag-makikuna","tag-save-the-children"],"_links":{"self":[{"href":"https:\/\/contraluzcucuta.co\/index.php?rest_route=\/wp\/v2\/posts\/38713","targetHints":{"allow":["GET"]}}],"collection":[{"href":"https:\/\/contraluzcucuta.co\/index.php?rest_route=\/wp\/v2\/posts"}],"about":[{"href":"https:\/\/contraluzcucuta.co\/index.php?rest_route=\/wp\/v2\/types\/post"}],"author":[{"embeddable":true,"href":"https:\/\/contraluzcucuta.co\/index.php?rest_route=\/wp\/v2\/users\/1"}],"replies":[{"embeddable":true,"href":"https:\/\/contraluzcucuta.co\/index.php?rest_route=%2Fwp%2Fv2%2Fcomments&post=38713"}],"version-history":[{"count":1,"href":"https:\/\/contraluzcucuta.co\/index.php?rest_route=\/wp\/v2\/posts\/38713\/revisions"}],"predecessor-version":[{"id":38715,"href":"https:\/\/contraluzcucuta.co\/index.php?rest_route=\/wp\/v2\/posts\/38713\/revisions\/38715"}],"wp:featuredmedia":[{"embeddable":true,"href":"https:\/\/contraluzcucuta.co\/index.php?rest_route=\/wp\/v2\/media\/38714"}],"wp:attachment":[{"href":"https:\/\/contraluzcucuta.co\/index.php?rest_route=%2Fwp%2Fv2%2Fmedia&parent=38713"}],"wp:term":[{"taxonomy":"category","embeddable":true,"href":"https:\/\/contraluzcucuta.co\/index.php?rest_route=%2Fwp%2Fv2%2Fcategories&post=38713"},{"taxonomy":"post_tag","embeddable":true,"href":"https:\/\/contraluzcucuta.co\/index.php?rest_route=%2Fwp%2Fv2%2Ftags&post=38713"}],"curies":[{"name":"wp","href":"https:\/\/api.w.org\/{rel}","templated":true}]}}